{"id":36447,"date":"2016-01-13T13:22:57","date_gmt":"2016-01-13T11:22:57","guid":{"rendered":"http:\/\/sana.sy\/es\/?p=36447"},"modified":"2016-01-13T13:22:57","modified_gmt":"2016-01-13T11:22:57","slug":"turquia-detiene-a-tres-rusos-supuestamente-vinculados-con-el-estado-islamico","status":"publish","type":"post","link":"https:\/\/archive.sana.sy\/es\/?p=36447","title":{"rendered":"Turqu\u00eda detiene a tres rusos supuestamente vinculados con el Estado Isl\u00e1mico"},"content":{"rendered":"<div><span lang=\"ES-TRAD\" style=\"color: #800000\">Estambul, SANA<\/span><\/div>\n<div><span lang=\"ES-TRAD\">\u00a0<\/span><\/div>\n<div><span lang=\"ES-TRAD\">Las autoridades turcas detuvieron a tres ciudadanos rusos en la ciudad de Antalya por su presunta implicaci\u00f3n en la organizaci\u00f3n terrorista del Estado Isl\u00e1mico.<\/span><\/div>\n<div><span lang=\"ES-TRAD\">\u00a0<\/span><\/div>\n<div><span lang=\"ES-TRAD\">Seg\u00fan medios turcos, los tres rusos fueron detenidos durante una redada antiterrorista contra el Estado isl\u00e1mico.<\/span><\/div>\n<div><span lang=\"ES-TRAD\">\u00a0<\/span><\/div>\n<div><span lang=\"ES-TRAD\">Seg\u00fan la agencia RIA Novosti, el Consultado General de Rusia en Antalya confirm\u00f3 la detenci\u00f3n de los tres rusos y asegur\u00f3 que las razones de su detenci\u00f3n se investigan.<\/span><\/div>\n<div><span lang=\"ES-TRAD\">\u00a0<\/span><\/div>\n<div><span lang=\"ES-TRAD\">Cabe resaltar que un atentado suicida perpetrado el martes en el centro tur\u00edstico de Estambul dej\u00f3 al menos 10 muertos y 15 heridos.<\/span><\/div>\n<div><\/div>\n<div>\n<div>\n<span style=\"font-size: medium\"><b><span style=\"color: #0000bf\">Fady M., Hala B.<\/span><\/b><\/span><\/div>\n<\/div>\n<p>&nbsp;<\/p>\n","protected":false},"excerpt":{"rendered":"<p>Estambul, SANA \u00a0 Las autoridades turcas detuvieron a tres ciudadanos rusos en la ciudad de Antalya por su presunta implicaci\u00f3n en la organizaci\u00f3n terrorista del Estado Isl\u00e1mico. \u00a0 Seg\u00fan medios turcos, los tres rusos fueron detenidos durante una redada antiterrorista contra el Estado isl\u00e1mico. \u00a0 Seg\u00fan la agencia RIA Novosti, el Consultado General de Rusia &hellip;<\/p>\n","protected":false},"author":1,"featured_media":36448,"comment_status":"closed","ping_status":"closed","sticky":false,"template":"","format":"standard","meta":{"footnotes":""},"categories":[597,456,457,576],"tags":[7768],"class_list":["post-36447","post","type-post","status-publish","format-standard","has-post-thumbnail","","category-cinta-de-noticias","category-arabe-internacional-politica","category-noticias-arabe-internacional-politica","category-noticias-politicas","tag-turquia-detiene-a-tres-rusos-supuestamente-vinculados-con-el-estado-islamico"],"_links":{"self":[{"href":"https:\/\/archive.sana.sy\/es\/index.php?rest_route=\/wp\/v2\/posts\/36447"}],"collection":[{"href":"https:\/\/archive.sana.sy\/es\/index.php?rest_route=\/wp\/v2\/posts"}],"about":[{"href":"https:\/\/archive.sana.sy\/es\/index.php?rest_route=\/wp\/v2\/types\/post"}],"author":[{"embeddable":true,"href":"https:\/\/archive.sana.sy\/es\/index.php?rest_route=\/wp\/v2\/users\/1"}],"replies":[{"embeddable":true,"href":"https:\/\/archive.sana.sy\/es\/index.php?rest_route=%2Fwp%2Fv2%2Fcomments&post=36447"}],"version-history":[{"count":0,"href":"https:\/\/archive.sana.sy\/es\/index.php?rest_route=\/wp\/v2\/posts\/36447\/revisions"}],"wp:featuredmedia":[{"embeddable":true,"href":"https:\/\/archive.sana.sy\/es\/index.php?rest_route=\/wp\/v2\/media\/36448"}],"wp:attachment":[{"href":"https:\/\/archive.sana.sy\/es\/index.php?rest_route=%2Fwp%2Fv2%2Fmedia&parent=36447"}],"wp:term":[{"taxonomy":"category","embeddable":true,"href":"https:\/\/archive.sana.sy\/es\/index.php?rest_route=%2Fwp%2Fv2%2Fcategories&post=36447"},{"taxonomy":"post_tag","embeddable":true,"href":"https:\/\/archive.sana.sy\/es\/index.php?rest_route=%2Fwp%2Fv2%2Ftags&post=36447"}],"curies":[{"name":"wp","href":"https:\/\/api.w.org\/{rel}","templated":true}]}}