{"id":36455,"date":"2016-01-13T14:06:24","date_gmt":"2016-01-13T12:06:24","guid":{"rendered":"http:\/\/sana.sy\/es\/?p=36455"},"modified":"2016-01-13T14:06:24","modified_gmt":"2016-01-13T12:06:24","slug":"fuerzas-iraquies-repelan-un-ataque-terrorista-en-la-provincia-de-salahuddin","status":"publish","type":"post","link":"https:\/\/archive.sana.sy\/es\/?p=36455","title":{"rendered":"Fuerzas iraqu\u00edes repelan un ataque terrorista en la provincia de Salahuddin"},"content":{"rendered":"<div><span lang=\"ES-TRAD\" style=\"color: #800000\">Bagdad, SANA<\/span><\/div>\n<div><span lang=\"ES-TRAD\">\u00a0<\/span><\/div>\n<div><span lang=\"ES-TRAD\">Las fuerzas iraqu\u00edes conjuntas repelieron un ataque terrorista con ocho coches bomba y un n\u00famero de suicidas, contra la zona de Samarra, en la provincia de Salahuddin.<\/span><\/div>\n<div><span lang=\"ES-TRAD\">\u00a0<\/span><\/div>\n<div><span lang=\"ES-TRAD\">Por su parte, el comandante de la primera formaci\u00f3n de los combatientes tribales en Anbar, el general de brigada Ali Albiloa, dijo que &#8220;las fuerzas iraqu\u00edes hallaron en la ciudad de Ramadi a miles de artefactos explosivos que fueron utilizados por las bandas terroristas del EI para minar los edificios y las carreteras principales.<\/span><\/div>\n<div><span lang=\"ES-TRAD\">\u00a0<\/span><\/div>\n<div><span lang=\"ES-TRAD\">Asimismo, el \u00a0comandante de las fuerzas de operaciones de Anbar, el mayor general Ismail Mahlawi, anunci\u00f3 el inicio de la liberaci\u00f3n de la zona de Bu Aiza al noreste de la ciudad de Ramadi, de las bandas terroristas del Estado Isl\u00e1mico.<\/span><\/div>\n<div>\n<div>\n<span style=\"font-size: medium\"><b><span style=\"color: #0000bf\">Fady M., Hala B.<\/span><\/b><\/span><\/div>\n<\/div>\n<p>&nbsp;<\/p>\n","protected":false},"excerpt":{"rendered":"<p>Bagdad, SANA \u00a0 Las fuerzas iraqu\u00edes conjuntas repelieron un ataque terrorista con ocho coches bomba y un n\u00famero de suicidas, contra la zona de Samarra, en la provincia de Salahuddin. \u00a0 Por su parte, el comandante de la primera formaci\u00f3n de los combatientes tribales en Anbar, el general de brigada Ali Albiloa, dijo que &#8220;las &hellip;<\/p>\n","protected":false},"author":1,"featured_media":36456,"comment_status":"closed","ping_status":"closed","sticky":false,"template":"","format":"standard","meta":{"footnotes":""},"categories":[597,456,457,576],"tags":[7770],"class_list":["post-36455","post","type-post","status-publish","format-standard","has-post-thumbnail","","category-cinta-de-noticias","category-arabe-internacional-politica","category-noticias-arabe-internacional-politica","category-noticias-politicas","tag-fuerzas-iraquies-repelan-un-ataque-terrorista-en-la-provincia-de-salahuddin"],"_links":{"self":[{"href":"https:\/\/archive.sana.sy\/es\/index.php?rest_route=\/wp\/v2\/posts\/36455"}],"collection":[{"href":"https:\/\/archive.sana.sy\/es\/index.php?rest_route=\/wp\/v2\/posts"}],"about":[{"href":"https:\/\/archive.sana.sy\/es\/index.php?rest_route=\/wp\/v2\/types\/post"}],"author":[{"embeddable":true,"href":"https:\/\/archive.sana.sy\/es\/index.php?rest_route=\/wp\/v2\/users\/1"}],"replies":[{"embeddable":true,"href":"https:\/\/archive.sana.sy\/es\/index.php?rest_route=%2Fwp%2Fv2%2Fcomments&post=36455"}],"version-history":[{"count":0,"href":"https:\/\/archive.sana.sy\/es\/index.php?rest_route=\/wp\/v2\/posts\/36455\/revisions"}],"wp:featuredmedia":[{"embeddable":true,"href":"https:\/\/archive.sana.sy\/es\/index.php?rest_route=\/wp\/v2\/media\/36456"}],"wp:attachment":[{"href":"https:\/\/archive.sana.sy\/es\/index.php?rest_route=%2Fwp%2Fv2%2Fmedia&parent=36455"}],"wp:term":[{"taxonomy":"category","embeddable":true,"href":"https:\/\/archive.sana.sy\/es\/index.php?rest_route=%2Fwp%2Fv2%2Fcategories&post=36455"},{"taxonomy":"post_tag","embeddable":true,"href":"https:\/\/archive.sana.sy\/es\/index.php?rest_route=%2Fwp%2Fv2%2Ftags&post=36455"}],"curies":[{"name":"wp","href":"https:\/\/api.w.org\/{rel}","templated":true}]}}