{"id":36458,"date":"2016-01-13T14:13:32","date_gmt":"2016-01-13T12:13:32","guid":{"rendered":"http:\/\/sana.sy\/es\/?p=36458"},"modified":"2016-01-13T14:13:32","modified_gmt":"2016-01-13T12:13:32","slug":"organizaciones-expiatorios-reconocen-la-muerte-de-cinco-terroristas-en-darya","status":"publish","type":"post","link":"https:\/\/archive.sana.sy\/es\/?p=36458","title":{"rendered":"Organizaciones expiatorios reconocen la muerte de cinco terroristas en Darya"},"content":{"rendered":"<div><span lang=\"ES-TRAD\">Damasco, SANA<\/span><\/div>\n<div><\/div>\n<div><span lang=\"ES-TRAD\">Las organizaciones terroristas reconocieron la muerte de cinco terroristas en la ciudad de Darya en Ghuta Occidental.<\/span><\/div>\n<div><span lang=\"ES-TRAD\">\u00a0<\/span><\/div>\n<div><span lang=\"ES-TRAD\">En sus p\u00e1ginas en los sitios de las redes sociales, las agrupaciones takfiristas reconocieron la muerte de cinco terroristas, entre ellos un comandante de la llamada &#8220;Brigada de M\u00e1rtires del Islam&#8221;.<\/span><\/div>\n<div><span lang=\"ES-TRAD\">\u00a0<\/span><\/div>\n<div><span lang=\"ES-TRAD\">Se despliegan en la localidad de Darya, bandas terroristas en su mayor\u00eda de la llamada &#8220;Brigada de M\u00e1rtires del Islam&#8221; y la &#8220;Uni\u00f3n Isl\u00e1mica para Ajnad el Cham&#8221;, que incluye en sus filas a cientos de mercenarios de Arabia Saudita y de extranjeros leales a la organizaci\u00f3n Al Qaeda.<\/span><\/div>\n<div><\/div>\n<div>\n<div>\n<span style=\"font-size: medium\"><b><span style=\"color: #0000bf\">Fady M., Hala B.<\/span><\/b><\/span><\/div>\n<\/div>\n<p>&nbsp;<\/p>\n","protected":false},"excerpt":{"rendered":"<p>Damasco, SANA Las organizaciones terroristas reconocieron la muerte de cinco terroristas en la ciudad de Darya en Ghuta Occidental. \u00a0 En sus p\u00e1ginas en los sitios de las redes sociales, las agrupaciones takfiristas reconocieron la muerte de cinco terroristas, entre ellos un comandante de la llamada &#8220;Brigada de M\u00e1rtires del Islam&#8221;. \u00a0 Se despliegan en &hellip;<\/p>\n","protected":false},"author":1,"featured_media":36459,"comment_status":"closed","ping_status":"closed","sticky":false,"template":"","format":"standard","meta":{"footnotes":""},"categories":[477,573,476,7541],"tags":[7771],"class_list":["post-36458","post","type-post","status-publish","format-standard","has-post-thumbnail","","category-noticias-edulcorantes","category-la-realidad-de-los-acontecimientos-en-siria","category-locales","category-ultimas-noticias","tag-organizaciones-expiatorios-reconocen-la-muerte-de-cinco-terroristas-en-darya"],"_links":{"self":[{"href":"https:\/\/archive.sana.sy\/es\/index.php?rest_route=\/wp\/v2\/posts\/36458"}],"collection":[{"href":"https:\/\/archive.sana.sy\/es\/index.php?rest_route=\/wp\/v2\/posts"}],"about":[{"href":"https:\/\/archive.sana.sy\/es\/index.php?rest_route=\/wp\/v2\/types\/post"}],"author":[{"embeddable":true,"href":"https:\/\/archive.sana.sy\/es\/index.php?rest_route=\/wp\/v2\/users\/1"}],"replies":[{"embeddable":true,"href":"https:\/\/archive.sana.sy\/es\/index.php?rest_route=%2Fwp%2Fv2%2Fcomments&post=36458"}],"version-history":[{"count":0,"href":"https:\/\/archive.sana.sy\/es\/index.php?rest_route=\/wp\/v2\/posts\/36458\/revisions"}],"wp:featuredmedia":[{"embeddable":true,"href":"https:\/\/archive.sana.sy\/es\/index.php?rest_route=\/wp\/v2\/media\/36459"}],"wp:attachment":[{"href":"https:\/\/archive.sana.sy\/es\/index.php?rest_route=%2Fwp%2Fv2%2Fmedia&parent=36458"}],"wp:term":[{"taxonomy":"category","embeddable":true,"href":"https:\/\/archive.sana.sy\/es\/index.php?rest_route=%2Fwp%2Fv2%2Fcategories&post=36458"},{"taxonomy":"post_tag","embeddable":true,"href":"https:\/\/archive.sana.sy\/es\/index.php?rest_route=%2Fwp%2Fv2%2Ftags&post=36458"}],"curies":[{"name":"wp","href":"https:\/\/api.w.org\/{rel}","templated":true}]}}