{"id":36468,"date":"2016-01-13T16:00:49","date_gmt":"2016-01-13T14:00:49","guid":{"rendered":"http:\/\/sana.sy\/es\/?p=36468"},"modified":"2016-01-13T16:24:25","modified_gmt":"2016-01-13T14:24:25","slug":"36468","status":"publish","type":"post","link":"https:\/\/archive.sana.sy\/es\/?p=36468","title":{"rendered":"Gatilov se re\u00fane con dos representantes de bandos opositores sirios en Ginebra"},"content":{"rendered":"<p><span style=\"color: #800000\">Ginebra, SANA<\/span><\/p>\n<p>El vicecanciller ruso, Gennady Gatilov debati\u00f3 este mi\u00e9rcoles con dos representantes de bandos opositores sirios las v\u00edas de lanzar el arreglo pol\u00edtico en Siria a finales del mes en curso.<\/p>\n<p>Fuentes diplom\u00e1ticas rusas revelaron que Gatilov lleg\u00f3 a Ginebra para asistir a una reuni\u00f3n con los opositores sirios Saleh Moslem y Haitham Mannaa.<\/p>\n<p>El Vicecanciller ruso tiene previsto sostener una reuni\u00f3n con el secretario de Estado de EEUU y el enviado especial de la ONU, Staffan de Mistura para examinar las v\u00edas de lanzar el proceso pol\u00edtico y superar los obst\u00e1culos que impiden su desarrollo, especialmente el tema de la elaboraci\u00f3n de la lista de las organizaciones terroristas y el de la ampliaci\u00f3n de la representaci\u00f3n de la oposici\u00f3n.<\/p>\n<p>Cabe destacar que el Canciller sirio, Walid al-Moallem hab\u00eda manifestado la disposici\u00f3n de Siria de asistir a las reuniones de Ginebra en su fecha determinada,\u00a0pero\u00a0despu\u00e9s de designar los nombres de los opositores que van a participar en las mismas.<\/p>\n<p>&nbsp;<\/p>\n<p>&nbsp;<\/p>\n<p>&nbsp;<\/p>\n<p>Lynn A.<\/p>\n","protected":false},"excerpt":{"rendered":"<p>Ginebra, SANA El vicecanciller ruso, Gennady Gatilov debati\u00f3 este mi\u00e9rcoles con dos representantes de bandos opositores sirios las v\u00edas de lanzar el arreglo pol\u00edtico en Siria a finales del mes en curso. Fuentes diplom\u00e1ticas rusas revelaron que Gatilov lleg\u00f3 a Ginebra para asistir a una reuni\u00f3n con los opositores sirios Saleh Moslem y Haitham Mannaa. &hellip;<\/p>\n","protected":false},"author":24,"featured_media":26434,"comment_status":"closed","ping_status":"closed","sticky":false,"template":"","format":"standard","meta":{"footnotes":""},"categories":[597,467,7541],"tags":[],"class_list":["post-36468","post","type-post","status-publish","format-standard","has-post-thumbnail","","category-cinta-de-noticias","category-siria-y-el-mundo","category-ultimas-noticias"],"_links":{"self":[{"href":"https:\/\/archive.sana.sy\/es\/index.php?rest_route=\/wp\/v2\/posts\/36468"}],"collection":[{"href":"https:\/\/archive.sana.sy\/es\/index.php?rest_route=\/wp\/v2\/posts"}],"about":[{"href":"https:\/\/archive.sana.sy\/es\/index.php?rest_route=\/wp\/v2\/types\/post"}],"author":[{"embeddable":true,"href":"https:\/\/archive.sana.sy\/es\/index.php?rest_route=\/wp\/v2\/users\/24"}],"replies":[{"embeddable":true,"href":"https:\/\/archive.sana.sy\/es\/index.php?rest_route=%2Fwp%2Fv2%2Fcomments&post=36468"}],"version-history":[{"count":0,"href":"https:\/\/archive.sana.sy\/es\/index.php?rest_route=\/wp\/v2\/posts\/36468\/revisions"}],"wp:featuredmedia":[{"embeddable":true,"href":"https:\/\/archive.sana.sy\/es\/index.php?rest_route=\/wp\/v2\/media\/26434"}],"wp:attachment":[{"href":"https:\/\/archive.sana.sy\/es\/index.php?rest_route=%2Fwp%2Fv2%2Fmedia&parent=36468"}],"wp:term":[{"taxonomy":"category","embeddable":true,"href":"https:\/\/archive.sana.sy\/es\/index.php?rest_route=%2Fwp%2Fv2%2Fcategories&post=36468"},{"taxonomy":"post_tag","embeddable":true,"href":"https:\/\/archive.sana.sy\/es\/index.php?rest_route=%2Fwp%2Fv2%2Ftags&post=36468"}],"curies":[{"name":"wp","href":"https:\/\/api.w.org\/{rel}","templated":true}]}}