{"id":36478,"date":"2016-01-13T17:55:52","date_gmt":"2016-01-13T15:55:52","guid":{"rendered":"http:\/\/sana.sy\/es\/?p=36478"},"modified":"2016-01-13T18:16:39","modified_gmt":"2016-01-13T16:16:39","slug":"el-luchador-al-shaer-recupera-su-libertad-despues-de-mas-de-cinco-anos-en-las-carceles-del-ente-sionista","status":"publish","type":"post","link":"https:\/\/archive.sana.sy\/es\/?p=36478","title":{"rendered":"El luchador al-Shaer recupera su libertad despu\u00e9s de cinco a\u00f1os y medio en las c\u00e1rceles del ente sionista"},"content":{"rendered":"<p><span style=\"color: #800000\">Quneitra, SANA<\/span><\/p>\n<p>Las autoridades del ocupante israel\u00ed han puesto en libertad al luchador sirio Mayad Farhan al-Shaer despu\u00e9s de haber pasado m\u00e1s de cinco a\u00f1os en las c\u00e1rceles del ente sionista que le hab\u00eda acusado de resistir las fuerzas israel\u00edes y mantener contacto con su madre patria.<\/p>\n<p>El luchador al-Shaer vivi\u00f3 condiciones inhumanas durante el periodo de su encarcelamiento, lo que le caus\u00f3 una enfermedad grave en sus pulmones.<\/p>\n<p>Amplias masas esperar\u00e1n al luchador al-Shaer en su pueblo Maydal Shams, para recorrer con el mismo todos los pueblos del Gol\u00e1n sirio ocupado, y luego volver a la plaza de Sultan al-Atrash en su pueblo donde celebrar\u00e1n una ceremonia\u00a0para rendirle homenaje.<\/p>\n<p>&nbsp;<\/p>\n<p>&nbsp;<\/p>\n<p>Lynn A.<\/p>\n","protected":false},"excerpt":{"rendered":"<p>Quneitra, SANA Las autoridades del ocupante israel\u00ed han puesto en libertad al luchador sirio Mayad Farhan al-Shaer despu\u00e9s de haber pasado m\u00e1s de cinco a\u00f1os en las c\u00e1rceles del ente sionista que le hab\u00eda acusado de resistir las fuerzas israel\u00edes y mantener contacto con su madre patria. El luchador al-Shaer vivi\u00f3 condiciones inhumanas durante el &hellip;<\/p>\n","protected":false},"author":24,"featured_media":36484,"comment_status":"closed","ping_status":"closed","sticky":false,"template":"","format":"standard","meta":{"footnotes":""},"categories":[477,476],"tags":[],"class_list":["post-36478","post","type-post","status-publish","format-standard","has-post-thumbnail","","category-noticias-edulcorantes","category-locales"],"_links":{"self":[{"href":"https:\/\/archive.sana.sy\/es\/index.php?rest_route=\/wp\/v2\/posts\/36478"}],"collection":[{"href":"https:\/\/archive.sana.sy\/es\/index.php?rest_route=\/wp\/v2\/posts"}],"about":[{"href":"https:\/\/archive.sana.sy\/es\/index.php?rest_route=\/wp\/v2\/types\/post"}],"author":[{"embeddable":true,"href":"https:\/\/archive.sana.sy\/es\/index.php?rest_route=\/wp\/v2\/users\/24"}],"replies":[{"embeddable":true,"href":"https:\/\/archive.sana.sy\/es\/index.php?rest_route=%2Fwp%2Fv2%2Fcomments&post=36478"}],"version-history":[{"count":0,"href":"https:\/\/archive.sana.sy\/es\/index.php?rest_route=\/wp\/v2\/posts\/36478\/revisions"}],"wp:featuredmedia":[{"embeddable":true,"href":"https:\/\/archive.sana.sy\/es\/index.php?rest_route=\/wp\/v2\/media\/36484"}],"wp:attachment":[{"href":"https:\/\/archive.sana.sy\/es\/index.php?rest_route=%2Fwp%2Fv2%2Fmedia&parent=36478"}],"wp:term":[{"taxonomy":"category","embeddable":true,"href":"https:\/\/archive.sana.sy\/es\/index.php?rest_route=%2Fwp%2Fv2%2Fcategories&post=36478"},{"taxonomy":"post_tag","embeddable":true,"href":"https:\/\/archive.sana.sy\/es\/index.php?rest_route=%2Fwp%2Fv2%2Ftags&post=36478"}],"curies":[{"name":"wp","href":"https:\/\/api.w.org\/{rel}","templated":true}]}}