{"id":36494,"date":"2016-01-13T19:38:27","date_gmt":"2016-01-13T17:38:27","guid":{"rendered":"http:\/\/sana.sy\/es\/?p=36494"},"modified":"2016-01-13T19:45:24","modified_gmt":"2016-01-13T17:45:24","slug":"corresponsales-visitan-los-frentes-de-combate-en-el-campo-de-alepo","status":"publish","type":"post","link":"https:\/\/archive.sana.sy\/es\/?p=36494","title":{"rendered":"Corresponsales visitan los frentes de combate en el campo de Alepo"},"content":{"rendered":"<p style=\"text-align: justify\"><span style=\"color: #800000\">Alepo, SANA-<\/span> 30 reporteros de diferentes medios de comunicaci\u00f3n, locales y \u00e1rabes e internacionales, visitaron el mi\u00e9rcoles los frentes de combate del ej\u00e9rcito y de las fuerzas armadas \u00a0en el campo occidental de la provincia de Alepo.<\/p>\n<p style=\"text-align: justify\">Los corresponsales durante su gira sobre el terreno en el monte al-Arabin adyacente a las l\u00edneas de enfrentamiento con los terroristas, se reunieron con el comandante de las operaciones militares en la regi\u00f3n, donde fueron informados detalladamente de la importancia estrat\u00e9gica del monte al-Arbain, reci\u00e9n recuperado por el ej\u00e9rcito.<\/p>\n<p style=\"text-align: justify\">Seg\u00fan el comandante de operaciones, las unidades militares retomaron el control de grandes \u00e1reas en el campo sure\u00f1o de la urbe y se encuentran actualmente m\u00e1s cerca de la acercarse Alepo-Idlib, despu\u00e9s de asegurar las posiciones del ej\u00e9rcito en el monte y en la colina de Dadin.<\/p>\n<p style=\"text-align: justify\">En paralelo, los reporteros fueron informados por parte de oficiales del ej\u00e9rcito y combatientes de la Defensa Popular sobre los feroces enfrentamientos que mantuvieron con las bandas terroristas vinculadas a los reg\u00edmenes de Turqu\u00eda y Arabia Saudita.<\/p>\n<p style=\"text-align: justify\">Por su parte, los corresponsales mandaron varios mensajes televisivos directos desde la regi\u00f3n a trav\u00e9s de los medios de comunicaci\u00f3n con los que trabajan, explicando la realidad sobre el terreno y la naturaleza de los enfrentamientos llevados a cabo por el ej\u00e9rcito en la regi\u00f3n contra el terrorismo.<\/p>\n<p>M.Miri<\/p>\n","protected":false},"excerpt":{"rendered":"<p>Alepo, SANA- 30 reporteros de diferentes medios de comunicaci\u00f3n, locales y \u00e1rabes e internacionales, visitaron el mi\u00e9rcoles los frentes de combate del ej\u00e9rcito y de las fuerzas armadas \u00a0en el campo occidental de la provincia de Alepo. Los corresponsales durante su gira sobre el terreno en el monte al-Arabin adyacente a las l\u00edneas de enfrentamiento &hellip;<\/p>\n","protected":false},"author":1,"featured_media":36495,"comment_status":"closed","ping_status":"closed","sticky":false,"template":"","format":"standard","meta":{"footnotes":""},"categories":[476,7541],"tags":[7772],"class_list":["post-36494","post","type-post","status-publish","format-standard","has-post-thumbnail","","category-locales","category-ultimas-noticias","tag-corresponsales-visitan-los-frentes-de-combate-en-el-campo-de-alepo"],"_links":{"self":[{"href":"https:\/\/archive.sana.sy\/es\/index.php?rest_route=\/wp\/v2\/posts\/36494"}],"collection":[{"href":"https:\/\/archive.sana.sy\/es\/index.php?rest_route=\/wp\/v2\/posts"}],"about":[{"href":"https:\/\/archive.sana.sy\/es\/index.php?rest_route=\/wp\/v2\/types\/post"}],"author":[{"embeddable":true,"href":"https:\/\/archive.sana.sy\/es\/index.php?rest_route=\/wp\/v2\/users\/1"}],"replies":[{"embeddable":true,"href":"https:\/\/archive.sana.sy\/es\/index.php?rest_route=%2Fwp%2Fv2%2Fcomments&post=36494"}],"version-history":[{"count":0,"href":"https:\/\/archive.sana.sy\/es\/index.php?rest_route=\/wp\/v2\/posts\/36494\/revisions"}],"wp:featuredmedia":[{"embeddable":true,"href":"https:\/\/archive.sana.sy\/es\/index.php?rest_route=\/wp\/v2\/media\/36495"}],"wp:attachment":[{"href":"https:\/\/archive.sana.sy\/es\/index.php?rest_route=%2Fwp%2Fv2%2Fmedia&parent=36494"}],"wp:term":[{"taxonomy":"category","embeddable":true,"href":"https:\/\/archive.sana.sy\/es\/index.php?rest_route=%2Fwp%2Fv2%2Fcategories&post=36494"},{"taxonomy":"post_tag","embeddable":true,"href":"https:\/\/archive.sana.sy\/es\/index.php?rest_route=%2Fwp%2Fv2%2Ftags&post=36494"}],"curies":[{"name":"wp","href":"https:\/\/api.w.org\/{rel}","templated":true}]}}