{"id":36503,"date":"2016-01-13T20:43:35","date_gmt":"2016-01-13T18:43:35","guid":{"rendered":"http:\/\/sana.sy\/es\/?p=36503"},"modified":"2016-01-13T20:43:35","modified_gmt":"2016-01-13T18:43:35","slug":"detenido-el-grupo-responsable-del-ultimo-atentado-en-bagdad","status":"publish","type":"post","link":"https:\/\/archive.sana.sy\/es\/?p=36503","title":{"rendered":"Detenido el grupo responsable del \u00faltimo atentado en Bagdad"},"content":{"rendered":"<p style=\"text-align: justify\"><span style=\"color: #800000\">Bagdad, SANA<\/span>&#8211; El primer ministro iraqu\u00ed Haidar al-Abadi, anunci\u00f3 el mi\u00e9rcoles la detenci\u00f3n del grupo responsable del atentado que sacudi\u00f3 la capital iraqu\u00ed el lunes pasado.<\/p>\n<p style=\"text-align: justify\">Al-Abadi durante su encuentro con un grupo de jueces de la ciudad de al-Basra, apreci\u00f3 el esfuerzo realizado por las fuerzas de seguridad para acabar con este tipo de crimines en el pa\u00eds, prometiendo que el Gobierno har\u00e1 lo imposible para expulsar del pa\u00eds a los terroristas de (Daesh).<\/p>\n<p style=\"text-align: justify\">El lunes, al menos 39 civiles cayeron entre muertos y heridos en un ataque contra un mercado en el barrio de Al-Jadida, Bagdad.<\/p>\n<p>M.Miri<\/p>\n","protected":false},"excerpt":{"rendered":"<p>Bagdad, SANA&#8211; El primer ministro iraqu\u00ed Haidar al-Abadi, anunci\u00f3 el mi\u00e9rcoles la detenci\u00f3n del grupo responsable del atentado que sacudi\u00f3 la capital iraqu\u00ed el lunes pasado. Al-Abadi durante su encuentro con un grupo de jueces de la ciudad de al-Basra, apreci\u00f3 el esfuerzo realizado por las fuerzas de seguridad para acabar con este tipo de &hellip;<\/p>\n","protected":false},"author":1,"featured_media":36504,"comment_status":"closed","ping_status":"closed","sticky":false,"template":"","format":"standard","meta":{"footnotes":""},"categories":[456,457,7541],"tags":[7773],"class_list":["post-36503","post","type-post","status-publish","format-standard","has-post-thumbnail","","category-arabe-internacional-politica","category-noticias-arabe-internacional-politica","category-ultimas-noticias","tag-detenido-el-grupo-responsable-del-ultimo-atentado-en-bagdad"],"_links":{"self":[{"href":"https:\/\/archive.sana.sy\/es\/index.php?rest_route=\/wp\/v2\/posts\/36503"}],"collection":[{"href":"https:\/\/archive.sana.sy\/es\/index.php?rest_route=\/wp\/v2\/posts"}],"about":[{"href":"https:\/\/archive.sana.sy\/es\/index.php?rest_route=\/wp\/v2\/types\/post"}],"author":[{"embeddable":true,"href":"https:\/\/archive.sana.sy\/es\/index.php?rest_route=\/wp\/v2\/users\/1"}],"replies":[{"embeddable":true,"href":"https:\/\/archive.sana.sy\/es\/index.php?rest_route=%2Fwp%2Fv2%2Fcomments&post=36503"}],"version-history":[{"count":0,"href":"https:\/\/archive.sana.sy\/es\/index.php?rest_route=\/wp\/v2\/posts\/36503\/revisions"}],"wp:featuredmedia":[{"embeddable":true,"href":"https:\/\/archive.sana.sy\/es\/index.php?rest_route=\/wp\/v2\/media\/36504"}],"wp:attachment":[{"href":"https:\/\/archive.sana.sy\/es\/index.php?rest_route=%2Fwp%2Fv2%2Fmedia&parent=36503"}],"wp:term":[{"taxonomy":"category","embeddable":true,"href":"https:\/\/archive.sana.sy\/es\/index.php?rest_route=%2Fwp%2Fv2%2Fcategories&post=36503"},{"taxonomy":"post_tag","embeddable":true,"href":"https:\/\/archive.sana.sy\/es\/index.php?rest_route=%2Fwp%2Fv2%2Ftags&post=36503"}],"curies":[{"name":"wp","href":"https:\/\/api.w.org\/{rel}","templated":true}]}}