{"id":36526,"date":"2016-01-14T10:43:14","date_gmt":"2016-01-14T08:43:14","guid":{"rendered":"http:\/\/sana.sy\/es\/?p=36526"},"modified":"2016-01-14T10:43:14","modified_gmt":"2016-01-14T08:43:14","slug":"putin-afirma-a-obama-la-necesidad-de-formar-un-frente-unido-contra-el-ei","status":"publish","type":"post","link":"https:\/\/archive.sana.sy\/es\/?p=36526","title":{"rendered":"Putin afirma a Obama la necesidad de formar un frente unido contra el EI"},"content":{"rendered":"<div><span lang=\"ES-TRAD\" style=\"color: #800000\">Mosc\u00fa, SANA<\/span><\/div>\n<div><span lang=\"ES-TRAD\">\u00a0<\/span><\/div>\n<div><span lang=\"ES-TRAD\">El servicio de prensa del Kremlin anunci\u00f3 el mi\u00e9rcoles que el presidente de EEUU, Barack Obama, y el presidente ruso, Vlad\u00edmir Putin, discutieron en una conversaci\u00f3n telef\u00f3nica la situaci\u00f3n en Siria y Ucrania.<\/span><\/div>\n<div><span lang=\"ES-TRAD\">\u00a0<\/span><\/div>\n<div><span lang=\"ES-TRAD\">En un comunicado, el Kremlin asegur\u00f3 que Putin reafirm\u00f3 la necesidad de formar un frente unido y amplio para enfrentar al Estado Isl\u00e1mico y las dem\u00e1s organizaciones terroristas.<\/span><\/div>\n<div><span lang=\"ES-TRAD\">\u00a0<\/span><\/div>\n<div><span lang=\"ES-TRAD\">Ambos mandatarios debatieron adem\u00e1s el apoyo que deber\u00eda proporcionar las Naciones Unidas al encuentro que se celebrar\u00e1 entre el gobierno sirio y la oposici\u00f3n.<\/span><\/div>\n<div><\/div>\n<div>Fady M.<\/div>\n","protected":false},"excerpt":{"rendered":"<p>Mosc\u00fa, SANA \u00a0 El servicio de prensa del Kremlin anunci\u00f3 el mi\u00e9rcoles que el presidente de EEUU, Barack Obama, y el presidente ruso, Vlad\u00edmir Putin, discutieron en una conversaci\u00f3n telef\u00f3nica la situaci\u00f3n en Siria y Ucrania. \u00a0 En un comunicado, el Kremlin asegur\u00f3 que Putin reafirm\u00f3 la necesidad de formar un frente unido y amplio &hellip;<\/p>\n","protected":false},"author":24,"featured_media":36527,"comment_status":"closed","ping_status":"closed","sticky":false,"template":"","format":"standard","meta":{"footnotes":""},"categories":[456,7541],"tags":[],"class_list":["post-36526","post","type-post","status-publish","format-standard","has-post-thumbnail","","category-arabe-internacional-politica","category-ultimas-noticias"],"_links":{"self":[{"href":"https:\/\/archive.sana.sy\/es\/index.php?rest_route=\/wp\/v2\/posts\/36526"}],"collection":[{"href":"https:\/\/archive.sana.sy\/es\/index.php?rest_route=\/wp\/v2\/posts"}],"about":[{"href":"https:\/\/archive.sana.sy\/es\/index.php?rest_route=\/wp\/v2\/types\/post"}],"author":[{"embeddable":true,"href":"https:\/\/archive.sana.sy\/es\/index.php?rest_route=\/wp\/v2\/users\/24"}],"replies":[{"embeddable":true,"href":"https:\/\/archive.sana.sy\/es\/index.php?rest_route=%2Fwp%2Fv2%2Fcomments&post=36526"}],"version-history":[{"count":0,"href":"https:\/\/archive.sana.sy\/es\/index.php?rest_route=\/wp\/v2\/posts\/36526\/revisions"}],"wp:featuredmedia":[{"embeddable":true,"href":"https:\/\/archive.sana.sy\/es\/index.php?rest_route=\/wp\/v2\/media\/36527"}],"wp:attachment":[{"href":"https:\/\/archive.sana.sy\/es\/index.php?rest_route=%2Fwp%2Fv2%2Fmedia&parent=36526"}],"wp:term":[{"taxonomy":"category","embeddable":true,"href":"https:\/\/archive.sana.sy\/es\/index.php?rest_route=%2Fwp%2Fv2%2Fcategories&post=36526"},{"taxonomy":"post_tag","embeddable":true,"href":"https:\/\/archive.sana.sy\/es\/index.php?rest_route=%2Fwp%2Fv2%2Ftags&post=36526"}],"curies":[{"name":"wp","href":"https:\/\/api.w.org\/{rel}","templated":true}]}}