{"id":36532,"date":"2016-01-14T10:51:06","date_gmt":"2016-01-14T08:51:06","guid":{"rendered":"http:\/\/sana.sy\/es\/?p=36532"},"modified":"2016-01-14T11:01:27","modified_gmt":"2016-01-14T09:01:27","slug":"iran-y-rusia-apoyan-esfuerzos-de-la-onu-para-resolver-crisis-en-siria","status":"publish","type":"post","link":"https:\/\/archive.sana.sy\/es\/?p=36532","title":{"rendered":"Ir\u00e1n y Rusia apoyan esfuerzos de la ONU para resolver crisis en Siria"},"content":{"rendered":"<div><span lang=\"ES-TRAD\" style=\"color: #800000\">Teher\u00e1n, SANA<\/span><\/div>\n<div><span lang=\"ES-TRAD\">\u00a0<\/span><\/div>\n<div><span lang=\"ES-TRAD\">Ir\u00e1n y Rusia reafirmaron su apoyo a los esfuerzos de la ONU para encontrar una salida pol\u00edtica a las crisis de Siria y Yemen, y advirtieron sobre la creciente amenaza del terrorismo en la regi\u00f3n.<\/span><\/div>\n<div><span lang=\"ES-TRAD\">\u00a0<\/span><\/div>\n<div><span lang=\"ES-TRAD\">El asunto fue tratado durante una conversaci\u00f3n telef\u00f3nica entre el vicecanciller iran\u00ed para Asuntos \u00c1rabes y Africanos, Husein Amir Abdolahian, y el viceministro ruso de Exteriores y representante especial del presidente ruso para Oriente Medio y los pa\u00edses de \u00c1frica, Mijail Bogdanov.<\/span><\/div>\n<div><span lang=\"ES-TRAD\">\u00a0<\/span><\/div>\n<div><span lang=\"ES-TRAD\">Ambos diplom\u00e1ticos advirtieron de que la continuaci\u00f3n de las acciones militares complicar\u00e1 a\u00fan m\u00e1s la cr\u00edtica situaci\u00f3n que viven Siria y Yemen.<\/span><\/div>\n<div><span lang=\"ES-TRAD\">\u00a0<\/span><\/div>\n<div><span lang=\"ES-TRAD\">El diplom\u00e1tico iran\u00ed reiter\u00f3 el apoyo de Teher\u00e1n a un di\u00e1logo intersirio y resalt\u00f3 esta v\u00eda como la \u00fanica soluci\u00f3n viable a la prolongada crisis siria.<\/span><\/div>\n<div><span lang=\"ES-TRAD\">\u00a0<\/span><\/div>\n<div><span lang=\"ES-TRAD\">La conversaci\u00f3n se realiz\u00f3 en la antesala de una nueva ronda de conversaciones internacionales sobre Siria prevista para el 25 de enero en la ciudad suiza de Ginebra.<\/span><\/div>\n<div><\/div>\n<div>Fady M.<\/div>\n<div><\/div>\n","protected":false},"excerpt":{"rendered":"<p>Teher\u00e1n, SANA \u00a0 Ir\u00e1n y Rusia reafirmaron su apoyo a los esfuerzos de la ONU para encontrar una salida pol\u00edtica a las crisis de Siria y Yemen, y advirtieron sobre la creciente amenaza del terrorismo en la regi\u00f3n. \u00a0 El asunto fue tratado durante una conversaci\u00f3n telef\u00f3nica entre el vicecanciller iran\u00ed para Asuntos \u00c1rabes y &hellip;<\/p>\n","protected":false},"author":24,"featured_media":36533,"comment_status":"closed","ping_status":"closed","sticky":false,"template":"","format":"standard","meta":{"footnotes":""},"categories":[467,7541],"tags":[],"class_list":["post-36532","post","type-post","status-publish","format-standard","has-post-thumbnail","","category-siria-y-el-mundo","category-ultimas-noticias"],"_links":{"self":[{"href":"https:\/\/archive.sana.sy\/es\/index.php?rest_route=\/wp\/v2\/posts\/36532"}],"collection":[{"href":"https:\/\/archive.sana.sy\/es\/index.php?rest_route=\/wp\/v2\/posts"}],"about":[{"href":"https:\/\/archive.sana.sy\/es\/index.php?rest_route=\/wp\/v2\/types\/post"}],"author":[{"embeddable":true,"href":"https:\/\/archive.sana.sy\/es\/index.php?rest_route=\/wp\/v2\/users\/24"}],"replies":[{"embeddable":true,"href":"https:\/\/archive.sana.sy\/es\/index.php?rest_route=%2Fwp%2Fv2%2Fcomments&post=36532"}],"version-history":[{"count":0,"href":"https:\/\/archive.sana.sy\/es\/index.php?rest_route=\/wp\/v2\/posts\/36532\/revisions"}],"wp:featuredmedia":[{"embeddable":true,"href":"https:\/\/archive.sana.sy\/es\/index.php?rest_route=\/wp\/v2\/media\/36533"}],"wp:attachment":[{"href":"https:\/\/archive.sana.sy\/es\/index.php?rest_route=%2Fwp%2Fv2%2Fmedia&parent=36532"}],"wp:term":[{"taxonomy":"category","embeddable":true,"href":"https:\/\/archive.sana.sy\/es\/index.php?rest_route=%2Fwp%2Fv2%2Fcategories&post=36532"},{"taxonomy":"post_tag","embeddable":true,"href":"https:\/\/archive.sana.sy\/es\/index.php?rest_route=%2Fwp%2Fv2%2Ftags&post=36532"}],"curies":[{"name":"wp","href":"https:\/\/api.w.org\/{rel}","templated":true}]}}