{"id":36538,"date":"2016-01-14T10:57:27","date_gmt":"2016-01-14T08:57:27","guid":{"rendered":"http:\/\/sana.sy\/es\/?p=36538"},"modified":"2016-01-14T10:57:27","modified_gmt":"2016-01-14T08:57:27","slug":"rohani-paises-islamicos-son-capaces-de-hacer-desaparecer-el-terrorismo","status":"publish","type":"post","link":"https:\/\/archive.sana.sy\/es\/?p=36538","title":{"rendered":"Rohani: Pa\u00edses isl\u00e1micos son capaces de hacer desaparecer el terrorismo"},"content":{"rendered":"<div><span lang=\"ES-TRAD\" style=\"color: #800000\">Teher\u00e1n, SANA<\/span><\/div>\n<div><span lang=\"ES-TRAD\" style=\"color: #800000\">\u00a0<\/span><\/div>\n<div><span lang=\"ES-TRAD\">El presidente de Ir\u00e1n, Hasan Rohani, asegur\u00f3 que los pa\u00edses isl\u00e1micos tienen capacidad suficiente para limpiar la regi\u00f3n de Oriente Medio de los terroristas.<\/span><\/div>\n<div><span lang=\"ES-TRAD\">\u00a0<\/span><\/div>\n<div><span lang=\"ES-TRAD\">\u00a0<\/span><\/div>\n<div><span lang=\"ES-TRAD\">En un encuentro con Retno Marsudi, la ministra de Exterior de Indonesia, Rohani dijo que &#8220;no se debemos esperar a otros pa\u00edses para luchar contra el terrorismo, ya que los pa\u00edses isl\u00e1micos tienen equipamiento y capacidad suficientes para limpiar la regi\u00f3n de terroristas\u201d.<\/span><\/div>\n<div><span lang=\"ES-TRAD\">\u00a0<\/span><\/div>\n<div><span lang=\"ES-TRAD\">El mandatario iran\u00ed, lament\u00f3 que el radicalismo azote a muchos Estados del Oriente Medio, y afirm\u00f3 que dicha situaci\u00f3n impone la alianza de las naciones isl\u00e1micas para garantizar la estabilidad de la zona.<\/span><\/div>\n<div><span lang=\"ES-TRAD\">\u00a0<\/span><\/div>\n<div><span lang=\"ES-TRAD\">De igual modo, Rohani conden\u00f3 el apoyo de ciertos pa\u00edses a los grupos extremistas como acto en contra de la integridad territorial, y asever\u00f3 que la Rep\u00fablica Isl\u00e1mica de Ir\u00e1n siempre ha buscado buenas relaciones con los pa\u00edses de la regi\u00f3n y ha estado dispuesta a reforzar la seguridad de otras naciones.<\/span><\/div>\n<div><span lang=\"ES-TRAD\">\u00a0<\/span><\/div>\n<div><span lang=\"ES-TRAD\">Por su parte, la canciller de Indonesia reafirm\u00f3 que los musulmanes deben unirse para hacer frente a los retos del mundo isl\u00e1mico, incluidos el terrorismo y el extremismo.<\/span><\/div>\n<div class=\"yj6qo ajU\">\n<div id=\":xl\" class=\"ajR\"><img decoding=\"async\" class=\"ajT\" src=\"https:\/\/ssl.gstatic.com\/ui\/v1\/icons\/mail\/images\/cleardot.gif\" alt=\"\" \/><\/div>\n<\/div>\n","protected":false},"excerpt":{"rendered":"<p>Teher\u00e1n, SANA \u00a0 El presidente de Ir\u00e1n, Hasan Rohani, asegur\u00f3 que los pa\u00edses isl\u00e1micos tienen capacidad suficiente para limpiar la regi\u00f3n de Oriente Medio de los terroristas. \u00a0 \u00a0 En un encuentro con Retno Marsudi, la ministra de Exterior de Indonesia, Rohani dijo que &#8220;no se debemos esperar a otros pa\u00edses para luchar contra el &hellip;<\/p>\n","protected":false},"author":24,"featured_media":36544,"comment_status":"closed","ping_status":"closed","sticky":false,"template":"","format":"standard","meta":{"footnotes":""},"categories":[456],"tags":[],"class_list":["post-36538","post","type-post","status-publish","format-standard","has-post-thumbnail","","category-arabe-internacional-politica"],"_links":{"self":[{"href":"https:\/\/archive.sana.sy\/es\/index.php?rest_route=\/wp\/v2\/posts\/36538"}],"collection":[{"href":"https:\/\/archive.sana.sy\/es\/index.php?rest_route=\/wp\/v2\/posts"}],"about":[{"href":"https:\/\/archive.sana.sy\/es\/index.php?rest_route=\/wp\/v2\/types\/post"}],"author":[{"embeddable":true,"href":"https:\/\/archive.sana.sy\/es\/index.php?rest_route=\/wp\/v2\/users\/24"}],"replies":[{"embeddable":true,"href":"https:\/\/archive.sana.sy\/es\/index.php?rest_route=%2Fwp%2Fv2%2Fcomments&post=36538"}],"version-history":[{"count":0,"href":"https:\/\/archive.sana.sy\/es\/index.php?rest_route=\/wp\/v2\/posts\/36538\/revisions"}],"wp:featuredmedia":[{"embeddable":true,"href":"https:\/\/archive.sana.sy\/es\/index.php?rest_route=\/wp\/v2\/media\/36544"}],"wp:attachment":[{"href":"https:\/\/archive.sana.sy\/es\/index.php?rest_route=%2Fwp%2Fv2%2Fmedia&parent=36538"}],"wp:term":[{"taxonomy":"category","embeddable":true,"href":"https:\/\/archive.sana.sy\/es\/index.php?rest_route=%2Fwp%2Fv2%2Fcategories&post=36538"},{"taxonomy":"post_tag","embeddable":true,"href":"https:\/\/archive.sana.sy\/es\/index.php?rest_route=%2Fwp%2Fv2%2Ftags&post=36538"}],"curies":[{"name":"wp","href":"https:\/\/api.w.org\/{rel}","templated":true}]}}