{"id":36546,"date":"2016-01-14T20:30:43","date_gmt":"2016-01-14T18:30:43","guid":{"rendered":"http:\/\/sana.sy\/es\/?p=36546"},"modified":"2016-01-14T20:58:59","modified_gmt":"2016-01-14T18:58:59","slug":"nuevos-convoyes-de-ayuda-humanitaria-entran-en-las-localidades-de-kefraya-foua-y-madaya","status":"publish","type":"post","link":"https:\/\/archive.sana.sy\/es\/?p=36546","title":{"rendered":"Nuevos convoyes de ayuda humanitaria entran en las localidades de  Kefraya, Foua y Madaya"},"content":{"rendered":"<div><span lang=\"ES-TRAD\" style=\"color: #800000\">Damasco, SANA<\/span><\/div>\n<div><\/div>\n<div>Los corresponsales de SANA revelaron que tres camiones con ayudas entraron en las localidades de Kefraya, Foua, paralelamente otros seis camiones fueron ingresados en la localidad de Madaya.<\/div>\n<div>\n<p>La entrega de ayudas se realiza bajo la supervisi\u00f3n de la Organizaci\u00f3n de las Naciones Unidas, la Media Luna Roja \u00c1rabe Siria y la Cruz Roja Internacional.<\/p>\n<\/div>\n<div><span lang=\"ES-TRAD\">\u00a0<\/span><\/div>\n<div>\n<div><span lang=\"ES-TRAD\">Hace pocas horas, un convoy de ayuda humanitaria se digiri\u00f3 este jueves a las poblaciones de Kefraya y Foua ubicadas en el campo de la provincia septentrional de Idleb.<\/span><\/div>\n<div><span lang=\"ES-TRAD\">\u00a0<\/span><\/div>\n<div><span lang=\"ES-TRAD\">Ambos poblados se encuentran cercados por organizaciones terroristas a su frente el Ej\u00e9rcito de Conquiesta y el Frente al Nousra, asociadas con los regiemnes de Turqu\u00eda y Arabia Saudita.<\/span><\/div>\n<div><span lang=\"ES-TRAD\">\u00a0<\/span><\/div>\n<div><span lang=\"ES-TRAD\">Al mismo tiempo, se dirigi\u00f3 un nuevo convoy de ayuda humanitaria al poblado de Madaya, ubicado al noroeste de Damasco.<\/span><\/div>\n<div><span lang=\"ES-TRAD\">\u00a0<\/span><\/div>\n<div><span lang=\"ES-TRAD\">Terroristas de las agrupaciones \u00a0extremistas del &#8220;Frente al Nousra&#8221; y &#8220;Ahrar el Cham&#8221; se atrincheran en este poblado y toman a los civiles como escudos humanos, as\u00ed como manipulan la distribuci\u00f3n de ayuda y venden los alimentos a los civiles a precios altos.<\/span><\/div>\n<div><span lang=\"ES-TRAD\">\u00a0<\/span><br \/>\nLos corresponsales de SANA en Hama y Damasco-campo informaron que el convoy de ayudas humanitarias que se dirigi\u00f3 a Kefraya y Foua consiste en 18 camiones que partieron de Hama hacia al-Skailbiya y luego al campo de Idleb, mientras que otros convoyes se vieron en el mismo tiempo en la carretera de Damasco con rumbo a Madaya.<\/div>\n<\/div>\n<div><\/div>\n<div>En declaraciones a la prensa, el representante de la ONU en Siria, Yakoub al-Hilou se\u00f1al\u00f3 que unos 45 camiones con ayudas m\u00e9dicas y alimenticias salieron hacia la localidad de Madaya, mientras que otros fueron de camino a las localidades de Kefraya, Foua.<\/div>\n<div><\/div>\n<div>\u201cSeguimos en esta misi\u00f3n humanitaria en coordinaci\u00f3n con todas las partes y esperamos que el proceso de ingreso [de ayudas humanitarias] se realiza con rapidez y sin dificultades\u201d, dijo al-Hilou, aludiendo que las condiciones clim\u00e1ticas podr\u00edan aplazar la entrega de la asistencia humanitaria, sobre todo las a Kefraya, Foua.<\/div>\n<div>\n<p>Asimismo revel\u00f3 que el lunes pasado la Organizaci\u00f3n Mundial de Salud (OMS) coordin\u00f3 con las autoridades correspondientes del Gobierno sirio para facilitar la evacuaci\u00f3n de algunas personas en Madaya, que se encuentran en un estado de salud cr\u00edtico.<\/p>\n<p>Agreg\u00f3 que una ni\u00f1a de ocho a\u00f1os ha sido evacuada debido a su cr\u00edtico estado de salud, la misma ha sido hospitalizada a uno de los hospitales de Damasco.<\/p>\n<p>Anteriormente, decenas de vecinos de Madayda declararon a la agencia SANA que las organizaciones terroristas saquearon sus bienes y abastos, y se apoderaron de la mayor\u00eda de los convoyes de asistencia humanitaria que hab\u00edan sido ingresados en el poblado en el pasado mes de octubre, y procedieron a vender los productos alimenticios de los convoyes a alt\u00edsimos precios.<\/p>\n<p>Cabe destacar que el lunes pasado un convoy de 44 camiones cargados de diferentes tipos de ayudas humanitarias fueron ingresados en la localidad de Madaya, paralelamente con el acceso de 21 camiones en las localidades de Kefraya, Foua.<\/p>\n<p>Ayer decenas de vecinos de Kefraya y Foua se congregaron en las plazas de dichas localidades para exigir a la ONU que trabaje para romper el asedio e ingresar comit\u00e9s de observaci\u00f3n para dar seguimiento a la deteriorada situaci\u00f3n \u00a0humanitaria\u00a0en sus localidades\u00a0debido a los continuos\u00a0actos terroristas que dejaron numerosos m\u00e1rtires, heridos y colosales da\u00f1os materiales.<\/p>\n<\/div>\n<div><\/div>\n<div>\n<div id='gallery-1' class='gallery galleryid-36546 gallery-columns-3 gallery-size-thumbnail'><figure class='gallery-item'>\n\t\t\t<div class='gallery-icon landscape'>\n\t\t\t\t<a href='https:\/\/archive.sana.sy\/es\/wp-content\/uploads\/2016\/01\/ayudas-humanitarias-Kareya-Foa-3.jpg'><img loading=\"lazy\" decoding=\"async\" width=\"150\" height=\"84\" src=\"https:\/\/archive.sana.sy\/es\/wp-content\/uploads\/2016\/01\/ayudas-humanitarias-Kareya-Foa-3-150x84.jpg\" class=\"attachment-thumbnail size-thumbnail\" alt=\"\" srcset=\"https:\/\/archive.sana.sy\/es\/wp-content\/uploads\/2016\/01\/ayudas-humanitarias-Kareya-Foa-3-150x84.jpg 150w, https:\/\/archive.sana.sy\/es\/wp-content\/uploads\/2016\/01\/ayudas-humanitarias-Kareya-Foa-3-300x168.jpg 300w, https:\/\/archive.sana.sy\/es\/wp-content\/uploads\/2016\/01\/ayudas-humanitarias-Kareya-Foa-3.jpg 660w\" sizes=\"(max-width: 150px) 100vw, 150px\" \/><\/a>\n\t\t\t<\/div><\/figure><figure class='gallery-item'>\n\t\t\t<div class='gallery-icon landscape'>\n\t\t\t\t<a href='https:\/\/archive.sana.sy\/es\/wp-content\/uploads\/2016\/01\/ayudas-humanitarias-Kareya-Foa-2.jpg'><img loading=\"lazy\" decoding=\"async\" width=\"150\" height=\"84\" src=\"https:\/\/archive.sana.sy\/es\/wp-content\/uploads\/2016\/01\/ayudas-humanitarias-Kareya-Foa-2-150x84.jpg\" class=\"attachment-thumbnail size-thumbnail\" alt=\"\" srcset=\"https:\/\/archive.sana.sy\/es\/wp-content\/uploads\/2016\/01\/ayudas-humanitarias-Kareya-Foa-2-150x84.jpg 150w, https:\/\/archive.sana.sy\/es\/wp-content\/uploads\/2016\/01\/ayudas-humanitarias-Kareya-Foa-2-300x168.jpg 300w, https:\/\/archive.sana.sy\/es\/wp-content\/uploads\/2016\/01\/ayudas-humanitarias-Kareya-Foa-2.jpg 660w\" sizes=\"(max-width: 150px) 100vw, 150px\" \/><\/a>\n\t\t\t<\/div><\/figure><figure class='gallery-item'>\n\t\t\t<div class='gallery-icon landscape'>\n\t\t\t\t<a href='https:\/\/archive.sana.sy\/es\/wp-content\/uploads\/2016\/01\/ayudas-humanitarias-Kareya-Foa-1.jpg'><img loading=\"lazy\" decoding=\"async\" width=\"150\" height=\"84\" src=\"https:\/\/archive.sana.sy\/es\/wp-content\/uploads\/2016\/01\/ayudas-humanitarias-Kareya-Foa-1-150x84.jpg\" class=\"attachment-thumbnail size-thumbnail\" alt=\"\" srcset=\"https:\/\/archive.sana.sy\/es\/wp-content\/uploads\/2016\/01\/ayudas-humanitarias-Kareya-Foa-1-150x84.jpg 150w, https:\/\/archive.sana.sy\/es\/wp-content\/uploads\/2016\/01\/ayudas-humanitarias-Kareya-Foa-1-300x168.jpg 300w, https:\/\/archive.sana.sy\/es\/wp-content\/uploads\/2016\/01\/ayudas-humanitarias-Kareya-Foa-1.jpg 660w\" sizes=\"(max-width: 150px) 100vw, 150px\" \/><\/a>\n\t\t\t<\/div><\/figure><figure class='gallery-item'>\n\t\t\t<div class='gallery-icon landscape'>\n\t\t\t\t<a href='https:\/\/archive.sana.sy\/es\/wp-content\/uploads\/2016\/01\/ayudas-humanitarias-Kareya-Foa-4.jpg'><img loading=\"lazy\" decoding=\"async\" width=\"150\" height=\"84\" src=\"https:\/\/archive.sana.sy\/es\/wp-content\/uploads\/2016\/01\/ayudas-humanitarias-Kareya-Foa-4-150x84.jpg\" class=\"attachment-thumbnail size-thumbnail\" alt=\"\" srcset=\"https:\/\/archive.sana.sy\/es\/wp-content\/uploads\/2016\/01\/ayudas-humanitarias-Kareya-Foa-4-150x84.jpg 150w, https:\/\/archive.sana.sy\/es\/wp-content\/uploads\/2016\/01\/ayudas-humanitarias-Kareya-Foa-4-300x168.jpg 300w, https:\/\/archive.sana.sy\/es\/wp-content\/uploads\/2016\/01\/ayudas-humanitarias-Kareya-Foa-4.jpg 660w\" sizes=\"(max-width: 150px) 100vw, 150px\" \/><\/a>\n\t\t\t<\/div><\/figure>\n\t\t<\/div>\n\n<\/div>\n<div><\/div>\n<div><\/div>\n<div><\/div>\n<div><\/div>\n<div><\/div>\n<div><\/div>\n<div>Fady M., Lynn A.<\/div>\n<div><\/div>\n","protected":false},"excerpt":{"rendered":"<p>Damasco, SANA Los corresponsales de SANA revelaron que tres camiones con ayudas entraron en las localidades de Kefraya, Foua, paralelamente otros seis camiones fueron ingresados en la localidad de Madaya. La entrega de ayudas se realiza bajo la supervisi\u00f3n de la Organizaci\u00f3n de las Naciones Unidas, la Media Luna Roja \u00c1rabe Siria y la Cruz &hellip;<\/p>\n","protected":false},"author":24,"featured_media":36547,"comment_status":"closed","ping_status":"closed","sticky":false,"template":"","format":"standard","meta":{"footnotes":""},"categories":[477,597,476,583,7541],"tags":[],"class_list":["post-36546","post","type-post","status-publish","format-standard","has-post-thumbnail","","category-noticias-edulcorantes","category-cinta-de-noticias","category-locales","category-slide","category-ultimas-noticias"],"_links":{"self":[{"href":"https:\/\/archive.sana.sy\/es\/index.php?rest_route=\/wp\/v2\/posts\/36546"}],"collection":[{"href":"https:\/\/archive.sana.sy\/es\/index.php?rest_route=\/wp\/v2\/posts"}],"about":[{"href":"https:\/\/archive.sana.sy\/es\/index.php?rest_route=\/wp\/v2\/types\/post"}],"author":[{"embeddable":true,"href":"https:\/\/archive.sana.sy\/es\/index.php?rest_route=\/wp\/v2\/users\/24"}],"replies":[{"embeddable":true,"href":"https:\/\/archive.sana.sy\/es\/index.php?rest_route=%2Fwp%2Fv2%2Fcomments&post=36546"}],"version-history":[{"count":0,"href":"https:\/\/archive.sana.sy\/es\/index.php?rest_route=\/wp\/v2\/posts\/36546\/revisions"}],"wp:featuredmedia":[{"embeddable":true,"href":"https:\/\/archive.sana.sy\/es\/index.php?rest_route=\/wp\/v2\/media\/36547"}],"wp:attachment":[{"href":"https:\/\/archive.sana.sy\/es\/index.php?rest_route=%2Fwp%2Fv2%2Fmedia&parent=36546"}],"wp:term":[{"taxonomy":"category","embeddable":true,"href":"https:\/\/archive.sana.sy\/es\/index.php?rest_route=%2Fwp%2Fv2%2Fcategories&post=36546"},{"taxonomy":"post_tag","embeddable":true,"href":"https:\/\/archive.sana.sy\/es\/index.php?rest_route=%2Fwp%2Fv2%2Ftags&post=36546"}],"curies":[{"name":"wp","href":"https:\/\/api.w.org\/{rel}","templated":true}]}}