{"id":36549,"date":"2016-01-14T12:14:42","date_gmt":"2016-01-14T10:14:42","guid":{"rendered":"http:\/\/sana.sy\/es\/?p=36549"},"modified":"2016-01-14T15:39:59","modified_gmt":"2016-01-14T13:39:59","slug":"presidente-maduro-llama-a-defender-el-proyecto-socialista","status":"publish","type":"post","link":"https:\/\/archive.sana.sy\/es\/?p=36549","title":{"rendered":"Presidente Maduro llama a defender el proyecto socialista"},"content":{"rendered":"<div><span lang=\"ES-TRAD\" style=\"color: #800000\">Caracas, SANA<\/span><\/div>\n<div><span lang=\"ES-TRAD\">\u00a0<\/span><\/div>\n<div><span lang=\"ES-TRAD\">El presidente de Venezuela, Nicol\u00e1s Maduro, manifest\u00f3 que la Fuerza Armada Nacional Bolivariana seguir\u00e1 siendo ejemplo de cohesi\u00f3n, integridad y moral para el resto de la patria.<\/span><\/div>\n<div><span lang=\"ES-TRAD\">\u00a0<\/span><\/div>\n<div><span lang=\"ES-TRAD\">El jefe de Estado hizo esa declaraci\u00f3n en el acto de transmisi\u00f3n de mando del comando de las Regiones Estrat\u00e9gicas de Defensa Integral Central y de Guayana.<\/span><\/div>\n<div><span lang=\"ES-TRAD\">\u00a0<\/span><\/div>\n<div><span lang=\"ES-TRAD\">Maduro destac\u00f3 el orgullo que siente la patria venezolana por su Fuerza Armada y por los dos gigantes de la historia venezolana: Sim\u00f3n Bol\u00edvar y Hugo Ch\u00e1vez.<\/span><\/div>\n<div><span lang=\"ES-TRAD\">\u00a0<\/span><\/div>\n<div><span lang=\"ES-TRAD\">Asegur\u00f3 adem\u00e1s que el proyecto socialista, impulsado por el comandante Ch\u00e1vez se mantendr\u00e1 en vanguardia, pese a los ataques de la derecha nacional e internacional.<\/span><\/div>\n<div><\/div>\n<div>Fady M.<\/div>\n","protected":false},"excerpt":{"rendered":"<p>Caracas, SANA \u00a0 El presidente de Venezuela, Nicol\u00e1s Maduro, manifest\u00f3 que la Fuerza Armada Nacional Bolivariana seguir\u00e1 siendo ejemplo de cohesi\u00f3n, integridad y moral para el resto de la patria. \u00a0 El jefe de Estado hizo esa declaraci\u00f3n en el acto de transmisi\u00f3n de mando del comando de las Regiones Estrat\u00e9gicas de Defensa Integral Central &hellip;<\/p>\n","protected":false},"author":24,"featured_media":13329,"comment_status":"closed","ping_status":"closed","sticky":false,"template":"","format":"standard","meta":{"footnotes":""},"categories":[456],"tags":[],"class_list":["post-36549","post","type-post","status-publish","format-standard","has-post-thumbnail","","category-arabe-internacional-politica"],"_links":{"self":[{"href":"https:\/\/archive.sana.sy\/es\/index.php?rest_route=\/wp\/v2\/posts\/36549"}],"collection":[{"href":"https:\/\/archive.sana.sy\/es\/index.php?rest_route=\/wp\/v2\/posts"}],"about":[{"href":"https:\/\/archive.sana.sy\/es\/index.php?rest_route=\/wp\/v2\/types\/post"}],"author":[{"embeddable":true,"href":"https:\/\/archive.sana.sy\/es\/index.php?rest_route=\/wp\/v2\/users\/24"}],"replies":[{"embeddable":true,"href":"https:\/\/archive.sana.sy\/es\/index.php?rest_route=%2Fwp%2Fv2%2Fcomments&post=36549"}],"version-history":[{"count":0,"href":"https:\/\/archive.sana.sy\/es\/index.php?rest_route=\/wp\/v2\/posts\/36549\/revisions"}],"wp:featuredmedia":[{"embeddable":true,"href":"https:\/\/archive.sana.sy\/es\/index.php?rest_route=\/wp\/v2\/media\/13329"}],"wp:attachment":[{"href":"https:\/\/archive.sana.sy\/es\/index.php?rest_route=%2Fwp%2Fv2%2Fmedia&parent=36549"}],"wp:term":[{"taxonomy":"category","embeddable":true,"href":"https:\/\/archive.sana.sy\/es\/index.php?rest_route=%2Fwp%2Fv2%2Fcategories&post=36549"},{"taxonomy":"post_tag","embeddable":true,"href":"https:\/\/archive.sana.sy\/es\/index.php?rest_route=%2Fwp%2Fv2%2Ftags&post=36549"}],"curies":[{"name":"wp","href":"https:\/\/api.w.org\/{rel}","templated":true}]}}