{"id":36552,"date":"2016-01-14T11:04:00","date_gmt":"2016-01-14T09:04:00","guid":{"rendered":"http:\/\/sana.sy\/es\/?p=36552"},"modified":"2016-01-14T11:04:00","modified_gmt":"2016-01-14T09:04:00","slug":"soldados-israelies-matan-a-tiros-a-un-palestino","status":"publish","type":"post","link":"https:\/\/archive.sana.sy\/es\/?p=36552","title":{"rendered":"Soldados israel\u00edes matan a tiros a un palestino"},"content":{"rendered":"<div><span lang=\"ES-TRAD\" style=\"color: #800000\">Cisjordania, SANA<\/span><\/div>\n<div><span lang=\"ES-TRAD\" style=\"color: #800000\">\u00a0<\/span><\/div>\n<div><span lang=\"ES-TRAD\">Las fuerzas de ocupaci\u00f3n israel\u00edes mataron este jueves a tiros a un palestino cerca de la ciudad cisjordana de Hebr\u00f3n.<\/span><\/div>\n<div><span lang=\"ES-TRAD\">\u00a0<\/span><\/div>\n<div><span lang=\"ES-TRAD\">Por otro lado, fuerzas sionistas lanzaron redadas en varios poblados y ciudades de Cisjordania y Jerusal\u00e9n en las que arrestaron a varios palestinos.<\/span><\/div>\n<div><span lang=\"ES-TRAD\">\u00a0<\/span><\/div>\n<div><span lang=\"ES-TRAD\">En la localidad de Tobas al nordeste de Cisjordania y tras la decisi\u00f3n israel\u00ed de decomisar las tierras palestinas, fuerzas israel\u00edes arrasaron a cuatro invernaderos y a un pozo de agua de los palestinos.<\/span><\/div>\n","protected":false},"excerpt":{"rendered":"<p>Cisjordania, SANA \u00a0 Las fuerzas de ocupaci\u00f3n israel\u00edes mataron este jueves a tiros a un palestino cerca de la ciudad cisjordana de Hebr\u00f3n. \u00a0 Por otro lado, fuerzas sionistas lanzaron redadas en varios poblados y ciudades de Cisjordania y Jerusal\u00e9n en las que arrestaron a varios palestinos. \u00a0 En la localidad de Tobas al nordeste &hellip;<\/p>\n","protected":false},"author":24,"featured_media":36553,"comment_status":"closed","ping_status":"closed","sticky":false,"template":"","format":"standard","meta":{"footnotes":""},"categories":[456],"tags":[],"class_list":["post-36552","post","type-post","status-publish","format-standard","has-post-thumbnail","","category-arabe-internacional-politica"],"_links":{"self":[{"href":"https:\/\/archive.sana.sy\/es\/index.php?rest_route=\/wp\/v2\/posts\/36552"}],"collection":[{"href":"https:\/\/archive.sana.sy\/es\/index.php?rest_route=\/wp\/v2\/posts"}],"about":[{"href":"https:\/\/archive.sana.sy\/es\/index.php?rest_route=\/wp\/v2\/types\/post"}],"author":[{"embeddable":true,"href":"https:\/\/archive.sana.sy\/es\/index.php?rest_route=\/wp\/v2\/users\/24"}],"replies":[{"embeddable":true,"href":"https:\/\/archive.sana.sy\/es\/index.php?rest_route=%2Fwp%2Fv2%2Fcomments&post=36552"}],"version-history":[{"count":0,"href":"https:\/\/archive.sana.sy\/es\/index.php?rest_route=\/wp\/v2\/posts\/36552\/revisions"}],"wp:featuredmedia":[{"embeddable":true,"href":"https:\/\/archive.sana.sy\/es\/index.php?rest_route=\/wp\/v2\/media\/36553"}],"wp:attachment":[{"href":"https:\/\/archive.sana.sy\/es\/index.php?rest_route=%2Fwp%2Fv2%2Fmedia&parent=36552"}],"wp:term":[{"taxonomy":"category","embeddable":true,"href":"https:\/\/archive.sana.sy\/es\/index.php?rest_route=%2Fwp%2Fv2%2Fcategories&post=36552"},{"taxonomy":"post_tag","embeddable":true,"href":"https:\/\/archive.sana.sy\/es\/index.php?rest_route=%2Fwp%2Fv2%2Ftags&post=36552"}],"curies":[{"name":"wp","href":"https:\/\/api.w.org\/{rel}","templated":true}]}}