{"id":36555,"date":"2016-01-14T08:18:49","date_gmt":"2016-01-14T06:18:49","guid":{"rendered":"http:\/\/sana.sy\/es\/?p=36555"},"modified":"2016-01-14T12:01:25","modified_gmt":"2016-01-14T10:01:25","slug":"detienen-en-dinamarca-a-adolescente-que-planeaba-ataque-terrorista","status":"publish","type":"post","link":"https:\/\/archive.sana.sy\/es\/?p=36555","title":{"rendered":"Detienen en Dinamarca a adolescente que planeaba ataque terrorista"},"content":{"rendered":"<div><span lang=\"ES-TRAD\" style=\"color: #800000\">Copenhague, SANA<\/span><\/div>\n<div><span lang=\"ES-TRAD\">\u00a0<\/span><\/div>\n<div><span lang=\"ES-TRAD\">Las autoridades danesas detuvieron el mi\u00e9rcoles a una adolescente con varios tipos de explosivos que planeaba llevar a cabo un ataque terrorista.<\/span><\/div>\n<div><span lang=\"ES-TRAD\">\u00a0<\/span><\/div>\n<div><span lang=\"ES-TRAD\">La detenida, de 15 a\u00f1os de edad, presuntamente habr\u00eda recibido manuales por parte de terroristas con explicaciones sobre c\u00f3mo fabricar explosivos y dise\u00f1ar planes para realizar ataques que dejen m\u00faltiples v\u00edctimas mortales.<\/span><\/div>\n<div><span lang=\"ES-TRAD\">\u00a0<\/span><\/div>\n<div><span lang=\"ES-TRAD\">Europa vive amenazas terroristas constantes debido al retorno de muchos terroristas europeos que combat\u00edan en las filas del Estado Isl\u00e1mico en Siria.<\/span><\/div>\n","protected":false},"excerpt":{"rendered":"<p>Copenhague, SANA \u00a0 Las autoridades danesas detuvieron el mi\u00e9rcoles a una adolescente con varios tipos de explosivos que planeaba llevar a cabo un ataque terrorista. \u00a0 La detenida, de 15 a\u00f1os de edad, presuntamente habr\u00eda recibido manuales por parte de terroristas con explicaciones sobre c\u00f3mo fabricar explosivos y dise\u00f1ar planes para realizar ataques que dejen &hellip;<\/p>\n","protected":false},"author":24,"featured_media":0,"comment_status":"closed","ping_status":"closed","sticky":false,"template":"","format":"standard","meta":{"footnotes":""},"categories":[456],"tags":[],"class_list":["post-36555","post","type-post","status-publish","format-standard","","category-arabe-internacional-politica"],"_links":{"self":[{"href":"https:\/\/archive.sana.sy\/es\/index.php?rest_route=\/wp\/v2\/posts\/36555"}],"collection":[{"href":"https:\/\/archive.sana.sy\/es\/index.php?rest_route=\/wp\/v2\/posts"}],"about":[{"href":"https:\/\/archive.sana.sy\/es\/index.php?rest_route=\/wp\/v2\/types\/post"}],"author":[{"embeddable":true,"href":"https:\/\/archive.sana.sy\/es\/index.php?rest_route=\/wp\/v2\/users\/24"}],"replies":[{"embeddable":true,"href":"https:\/\/archive.sana.sy\/es\/index.php?rest_route=%2Fwp%2Fv2%2Fcomments&post=36555"}],"version-history":[{"count":0,"href":"https:\/\/archive.sana.sy\/es\/index.php?rest_route=\/wp\/v2\/posts\/36555\/revisions"}],"wp:attachment":[{"href":"https:\/\/archive.sana.sy\/es\/index.php?rest_route=%2Fwp%2Fv2%2Fmedia&parent=36555"}],"wp:term":[{"taxonomy":"category","embeddable":true,"href":"https:\/\/archive.sana.sy\/es\/index.php?rest_route=%2Fwp%2Fv2%2Fcategories&post=36555"},{"taxonomy":"post_tag","embeddable":true,"href":"https:\/\/archive.sana.sy\/es\/index.php?rest_route=%2Fwp%2Fv2%2Ftags&post=36555"}],"curies":[{"name":"wp","href":"https:\/\/api.w.org\/{rel}","templated":true}]}}