{"id":36557,"date":"2016-01-14T12:05:13","date_gmt":"2016-01-14T10:05:13","guid":{"rendered":"http:\/\/sana.sy\/es\/?p=36557"},"modified":"2016-01-14T15:46:19","modified_gmt":"2016-01-14T13:46:19","slug":"ejercito-libanes-bombardea-a-posiciones-de-terroristas-en-jarrod-arsal","status":"publish","type":"post","link":"https:\/\/archive.sana.sy\/es\/?p=36557","title":{"rendered":"Ej\u00e9rcito liban\u00e9s bombardea a posiciones de terroristas en Jarrod Arsal"},"content":{"rendered":"<div><span lang=\"ES-TRAD\" style=\"color: #800000\">Beirut, SANA<\/span><\/div>\n<div><span lang=\"ES-TRAD\">\u00a0<\/span><\/div>\n<div><span lang=\"ES-TRAD\">El ej\u00e9rcito liban\u00e9s bombarde\u00f3 a posiciones y veh\u00edculos de los terroristas en la zona de Jarrod Arsal en el este de L\u00edbano.<\/span><\/div>\n<div><span lang=\"ES-TRAD\">\u00a0<\/span><\/div>\n<div><span lang=\"ES-TRAD\">La Agencia Nacional Libanesa de Noticias inform\u00f3 que el ej\u00e9rcito bombarde\u00f3 con artiller\u00eda pesada las posiciones en el zona del Bekaa norte.<\/span><\/div>\n<div><span lang=\"ES-TRAD\">Se despliegan en Jarrod Arsal terroristas del &#8220;Frente al Nousra&#8221; y el &#8220;Estado Isl\u00e1mico&#8221;.<\/span><\/div>\n<div><\/div>\n<div>Fady M., Lynn A.<\/div>\n","protected":false},"excerpt":{"rendered":"<p>Beirut, SANA \u00a0 El ej\u00e9rcito liban\u00e9s bombarde\u00f3 a posiciones y veh\u00edculos de los terroristas en la zona de Jarrod Arsal en el este de L\u00edbano. \u00a0 La Agencia Nacional Libanesa de Noticias inform\u00f3 que el ej\u00e9rcito bombarde\u00f3 con artiller\u00eda pesada las posiciones en el zona del Bekaa norte. Se despliegan en Jarrod Arsal terroristas del &hellip;<\/p>\n","protected":false},"author":24,"featured_media":36558,"comment_status":"closed","ping_status":"closed","sticky":false,"template":"","format":"standard","meta":{"footnotes":""},"categories":[597,456,7541],"tags":[],"class_list":["post-36557","post","type-post","status-publish","format-standard","has-post-thumbnail","","category-cinta-de-noticias","category-arabe-internacional-politica","category-ultimas-noticias"],"_links":{"self":[{"href":"https:\/\/archive.sana.sy\/es\/index.php?rest_route=\/wp\/v2\/posts\/36557"}],"collection":[{"href":"https:\/\/archive.sana.sy\/es\/index.php?rest_route=\/wp\/v2\/posts"}],"about":[{"href":"https:\/\/archive.sana.sy\/es\/index.php?rest_route=\/wp\/v2\/types\/post"}],"author":[{"embeddable":true,"href":"https:\/\/archive.sana.sy\/es\/index.php?rest_route=\/wp\/v2\/users\/24"}],"replies":[{"embeddable":true,"href":"https:\/\/archive.sana.sy\/es\/index.php?rest_route=%2Fwp%2Fv2%2Fcomments&post=36557"}],"version-history":[{"count":0,"href":"https:\/\/archive.sana.sy\/es\/index.php?rest_route=\/wp\/v2\/posts\/36557\/revisions"}],"wp:featuredmedia":[{"embeddable":true,"href":"https:\/\/archive.sana.sy\/es\/index.php?rest_route=\/wp\/v2\/media\/36558"}],"wp:attachment":[{"href":"https:\/\/archive.sana.sy\/es\/index.php?rest_route=%2Fwp%2Fv2%2Fmedia&parent=36557"}],"wp:term":[{"taxonomy":"category","embeddable":true,"href":"https:\/\/archive.sana.sy\/es\/index.php?rest_route=%2Fwp%2Fv2%2Fcategories&post=36557"},{"taxonomy":"post_tag","embeddable":true,"href":"https:\/\/archive.sana.sy\/es\/index.php?rest_route=%2Fwp%2Fv2%2Ftags&post=36557"}],"curies":[{"name":"wp","href":"https:\/\/api.w.org\/{rel}","templated":true}]}}