{"id":36563,"date":"2016-01-14T15:12:17","date_gmt":"2016-01-14T13:12:17","guid":{"rendered":"http:\/\/sana.sy\/es\/?p=36563"},"modified":"2016-01-14T15:42:17","modified_gmt":"2016-01-14T13:42:17","slug":"moscu-reafirma-necesidad-de-formar-una-delegacion-integral-de-la-oposicion-siria","status":"publish","type":"post","link":"https:\/\/archive.sana.sy\/es\/?p=36563","title":{"rendered":"Mosc\u00fa reafirma necesidad de formar una delegaci\u00f3n integral de la oposici\u00f3n siria"},"content":{"rendered":"<div><span lang=\"ES-TRAD\" style=\"color: #800000\">Mosc\u00fa, SANA<\/span><\/div>\n<div><span lang=\"ES-TRAD\">\u00a0<\/span><\/div>\n<div><span lang=\"ES-TRAD\">El Ministerio de Exteriores de Rusia afirm\u00f3 la necesidad de cumplir plenamente la resoluci\u00f3n del Consejo de Seguridad de la ONU sobre la formaci\u00f3n de una delegaci\u00f3n integral de la oposici\u00f3n siria que va a participar en la Conferencia de Ginebra, prevista su celebraci\u00f3n para el d\u00eda 25 de este mes.<\/span><\/div>\n<div><span lang=\"ES-TRAD\">\u00a0<\/span><\/div>\n<div><span lang=\"ES-TRAD\">Por otro lado, El vicecanciller ruso Gennady Gatilov, dijo que no hay necesidad de la uni\u00f3n de los cancilleres de del Grupo Internacional de Apoyo a Siria a las conversaciones inter-sirias programadas en Ginebra el 25 de enero.<\/span><\/div>\n<div><span lang=\"ES-TRAD\">\u00a0<\/span><\/div>\n<div><span lang=\"ES-TRAD\">Las declaraciones de Gatilov fueron tras las conversaciones tripartitas que se celebraron en Ginebra el mi\u00e9rcoles que abarcaron adem\u00e1s de Gtailov, al enviado especial de Naciones Unidas a Siria, Staffan de Mistura, y la subsecretaria de Estado para Medio Oriente, Ann Patterson.<\/span><\/div>\n<div><\/div>\n<div><\/div>\n<div>Fady M., Lynn A.<\/div>\n","protected":false},"excerpt":{"rendered":"<p>Mosc\u00fa, SANA \u00a0 El Ministerio de Exteriores de Rusia afirm\u00f3 la necesidad de cumplir plenamente la resoluci\u00f3n del Consejo de Seguridad de la ONU sobre la formaci\u00f3n de una delegaci\u00f3n integral de la oposici\u00f3n siria que va a participar en la Conferencia de Ginebra, prevista su celebraci\u00f3n para el d\u00eda 25 de este mes. \u00a0 &hellip;<\/p>\n","protected":false},"author":24,"featured_media":36564,"comment_status":"closed","ping_status":"closed","sticky":false,"template":"","format":"standard","meta":{"footnotes":""},"categories":[467,7541],"tags":[],"class_list":["post-36563","post","type-post","status-publish","format-standard","has-post-thumbnail","","category-siria-y-el-mundo","category-ultimas-noticias"],"_links":{"self":[{"href":"https:\/\/archive.sana.sy\/es\/index.php?rest_route=\/wp\/v2\/posts\/36563"}],"collection":[{"href":"https:\/\/archive.sana.sy\/es\/index.php?rest_route=\/wp\/v2\/posts"}],"about":[{"href":"https:\/\/archive.sana.sy\/es\/index.php?rest_route=\/wp\/v2\/types\/post"}],"author":[{"embeddable":true,"href":"https:\/\/archive.sana.sy\/es\/index.php?rest_route=\/wp\/v2\/users\/24"}],"replies":[{"embeddable":true,"href":"https:\/\/archive.sana.sy\/es\/index.php?rest_route=%2Fwp%2Fv2%2Fcomments&post=36563"}],"version-history":[{"count":0,"href":"https:\/\/archive.sana.sy\/es\/index.php?rest_route=\/wp\/v2\/posts\/36563\/revisions"}],"wp:featuredmedia":[{"embeddable":true,"href":"https:\/\/archive.sana.sy\/es\/index.php?rest_route=\/wp\/v2\/media\/36564"}],"wp:attachment":[{"href":"https:\/\/archive.sana.sy\/es\/index.php?rest_route=%2Fwp%2Fv2%2Fmedia&parent=36563"}],"wp:term":[{"taxonomy":"category","embeddable":true,"href":"https:\/\/archive.sana.sy\/es\/index.php?rest_route=%2Fwp%2Fv2%2Fcategories&post=36563"},{"taxonomy":"post_tag","embeddable":true,"href":"https:\/\/archive.sana.sy\/es\/index.php?rest_route=%2Fwp%2Fv2%2Ftags&post=36563"}],"curies":[{"name":"wp","href":"https:\/\/api.w.org\/{rel}","templated":true}]}}