{"id":36570,"date":"2016-01-14T13:49:45","date_gmt":"2016-01-14T11:49:45","guid":{"rendered":"http:\/\/sana.sy\/es\/?p=36570"},"modified":"2016-01-14T13:49:45","modified_gmt":"2016-01-14T11:49:45","slug":"fuerzas-iraquies-matan-a-decenas-de-terroristas-en-la-provincia-de-anbar","status":"publish","type":"post","link":"https:\/\/archive.sana.sy\/es\/?p=36570","title":{"rendered":"Fuerzas iraqu\u00edes matan a decenas de terroristas en la provincia de Anbar"},"content":{"rendered":"<div><span lang=\"ES-TRAD\" style=\"color: #800000\">Bagdad, SANA<\/span><\/div>\n<div><span lang=\"ES-TRAD\">\u00a0<\/span><\/div>\n<div><span lang=\"ES-TRAD\">Fuerzas iraqu\u00edes lograron liberar al 90% de las localidades de Abu Aiza y Jazeera al norte de la ciudad de Ramadi, capital de la provincia de Anbar.<\/span><\/div>\n<div><span lang=\"ES-TRAD\">\u00a0<\/span><\/div>\n<div><span lang=\"ES-TRAD\">Por otro lado, un comandante en las Fuerzas Populares en Anbar dijo que &#8220;las fuerzas de seguridad eliminaron a 16 terroristas y destruyeron nueve coches bomba en una operaci\u00f3n militar contra bastiones del Estado Isl\u00e1mico en el este de Ramadi.<\/span><\/div>\n<div><span lang=\"ES-TRAD\">\u00a0<\/span><\/div>\n<div><span lang=\"ES-TRAD\">Asimismo, las Fuerzas de Seguridad iraqu\u00edes arrestaron a los miembros del grupo terrorista que perpetr\u00f3 los \u00faltimos ataques de Bagdad.<\/span><\/div>\n<div><span lang=\"ES-TRAD\">\u00a0<\/span><\/div>\n<div><span lang=\"ES-TRAD\">Cabe resaltar que decenas de iraqu\u00edes murieron y otros resultaron heridos en atentados suicidas terroristas que azotaron a Bagdad el lunes.<\/span><\/div>\n","protected":false},"excerpt":{"rendered":"<p>Bagdad, SANA \u00a0 Fuerzas iraqu\u00edes lograron liberar al 90% de las localidades de Abu Aiza y Jazeera al norte de la ciudad de Ramadi, capital de la provincia de Anbar. \u00a0 Por otro lado, un comandante en las Fuerzas Populares en Anbar dijo que &#8220;las fuerzas de seguridad eliminaron a 16 terroristas y destruyeron nueve &hellip;<\/p>\n","protected":false},"author":24,"featured_media":36572,"comment_status":"closed","ping_status":"closed","sticky":false,"template":"","format":"standard","meta":{"footnotes":""},"categories":[456],"tags":[],"class_list":["post-36570","post","type-post","status-publish","format-standard","has-post-thumbnail","","category-arabe-internacional-politica"],"_links":{"self":[{"href":"https:\/\/archive.sana.sy\/es\/index.php?rest_route=\/wp\/v2\/posts\/36570"}],"collection":[{"href":"https:\/\/archive.sana.sy\/es\/index.php?rest_route=\/wp\/v2\/posts"}],"about":[{"href":"https:\/\/archive.sana.sy\/es\/index.php?rest_route=\/wp\/v2\/types\/post"}],"author":[{"embeddable":true,"href":"https:\/\/archive.sana.sy\/es\/index.php?rest_route=\/wp\/v2\/users\/24"}],"replies":[{"embeddable":true,"href":"https:\/\/archive.sana.sy\/es\/index.php?rest_route=%2Fwp%2Fv2%2Fcomments&post=36570"}],"version-history":[{"count":0,"href":"https:\/\/archive.sana.sy\/es\/index.php?rest_route=\/wp\/v2\/posts\/36570\/revisions"}],"wp:featuredmedia":[{"embeddable":true,"href":"https:\/\/archive.sana.sy\/es\/index.php?rest_route=\/wp\/v2\/media\/36572"}],"wp:attachment":[{"href":"https:\/\/archive.sana.sy\/es\/index.php?rest_route=%2Fwp%2Fv2%2Fmedia&parent=36570"}],"wp:term":[{"taxonomy":"category","embeddable":true,"href":"https:\/\/archive.sana.sy\/es\/index.php?rest_route=%2Fwp%2Fv2%2Fcategories&post=36570"},{"taxonomy":"post_tag","embeddable":true,"href":"https:\/\/archive.sana.sy\/es\/index.php?rest_route=%2Fwp%2Fv2%2Ftags&post=36570"}],"curies":[{"name":"wp","href":"https:\/\/api.w.org\/{rel}","templated":true}]}}