{"id":36595,"date":"2016-01-14T18:19:56","date_gmt":"2016-01-14T16:19:56","guid":{"rendered":"http:\/\/sana.sy\/es\/?p=36595"},"modified":"2016-01-14T20:50:08","modified_gmt":"2016-01-14T18:50:08","slug":"cazas-sirios-escoltan-aeronaves-rusas-su-25-en-sus-vuelos-contra-la-organizacion-terrorista-del-ei","status":"publish","type":"post","link":"https:\/\/archive.sana.sy\/es\/?p=36595","title":{"rendered":"Cazas sirios escoltan aeronaves rusas Su- 25 en sus vuelos contra la organizaci\u00f3n terrorista del EI"},"content":{"rendered":"<p><span style=\"color: #800000\">Mosc\u00fa, SANA<\/span><\/p>\n<p>El Ministerio de Defensa ruso inform\u00f3 este martes que dos aviones de combate MiG-29 de la Fuerza A\u00e9rea siria escoltaron a cazabombarderos rusos Su-25 durante una misi\u00f3n contra objetivos de la organizaci\u00f3n terrorista del Estado Isl\u00e1mico.<\/p>\n<p>En un comunicado emitido este martes, el ministerio ruso se\u00f1al\u00f3 que los dos cazas sirios despegaron de la basa donde est\u00e1n desplegados, y luego se reunieron con las aeronaves rusas en el \u00e1rea designada, y los escoltaron durante todo el vuelo a la zona objetivo de los ataques y en el regreso.<\/p>\n<p>La fuerza a\u00e9rea rusa realiza desde el 30 del pasado mes de septiembre vuelos en cooperaci\u00f3n con la fuerza a\u00e9rea y el ej\u00e9rcito sirios contra objetivos de la organizaci\u00f3n terrorista del Estado Isl\u00e1mico en el territorio sirio en aplicaci\u00f3n del acuerdo sirio-ruso de luchar contra el terrorismo.<\/p>\n<p>&nbsp;<\/p>\n<p>Lynn A.<\/p>\n","protected":false},"excerpt":{"rendered":"<p>Mosc\u00fa, SANA El Ministerio de Defensa ruso inform\u00f3 este martes que dos aviones de combate MiG-29 de la Fuerza A\u00e9rea siria escoltaron a cazabombarderos rusos Su-25 durante una misi\u00f3n contra objetivos de la organizaci\u00f3n terrorista del Estado Isl\u00e1mico. En un comunicado emitido este martes, el ministerio ruso se\u00f1al\u00f3 que los dos cazas sirios despegaron de &hellip;<\/p>\n","protected":false},"author":24,"featured_media":36596,"comment_status":"closed","ping_status":"closed","sticky":false,"template":"","format":"standard","meta":{"footnotes":""},"categories":[456,467,583,7541],"tags":[],"class_list":["post-36595","post","type-post","status-publish","format-standard","has-post-thumbnail","","category-arabe-internacional-politica","category-siria-y-el-mundo","category-slide","category-ultimas-noticias"],"_links":{"self":[{"href":"https:\/\/archive.sana.sy\/es\/index.php?rest_route=\/wp\/v2\/posts\/36595"}],"collection":[{"href":"https:\/\/archive.sana.sy\/es\/index.php?rest_route=\/wp\/v2\/posts"}],"about":[{"href":"https:\/\/archive.sana.sy\/es\/index.php?rest_route=\/wp\/v2\/types\/post"}],"author":[{"embeddable":true,"href":"https:\/\/archive.sana.sy\/es\/index.php?rest_route=\/wp\/v2\/users\/24"}],"replies":[{"embeddable":true,"href":"https:\/\/archive.sana.sy\/es\/index.php?rest_route=%2Fwp%2Fv2%2Fcomments&post=36595"}],"version-history":[{"count":0,"href":"https:\/\/archive.sana.sy\/es\/index.php?rest_route=\/wp\/v2\/posts\/36595\/revisions"}],"wp:featuredmedia":[{"embeddable":true,"href":"https:\/\/archive.sana.sy\/es\/index.php?rest_route=\/wp\/v2\/media\/36596"}],"wp:attachment":[{"href":"https:\/\/archive.sana.sy\/es\/index.php?rest_route=%2Fwp%2Fv2%2Fmedia&parent=36595"}],"wp:term":[{"taxonomy":"category","embeddable":true,"href":"https:\/\/archive.sana.sy\/es\/index.php?rest_route=%2Fwp%2Fv2%2Fcategories&post=36595"},{"taxonomy":"post_tag","embeddable":true,"href":"https:\/\/archive.sana.sy\/es\/index.php?rest_route=%2Fwp%2Fv2%2Ftags&post=36595"}],"curies":[{"name":"wp","href":"https:\/\/api.w.org\/{rel}","templated":true}]}}