{"id":36598,"date":"2016-01-14T17:00:58","date_gmt":"2016-01-14T15:00:58","guid":{"rendered":"http:\/\/sana.sy\/es\/?p=36598"},"modified":"2023-01-10T15:29:04","modified_gmt":"2023-01-10T13:29:04","slug":"federacion-de-exportadores-sirios-examinan-con-una-delegacion-rusa-preparativos-para-firmar-un-acuerdo-de-exencion-aduanera-con-rusia","status":"publish","type":"post","link":"https:\/\/archive.sana.sy\/es\/?p=36598","title":{"rendered":"Federaci\u00f3n de Exportadores sirios examina con una delegaci\u00f3n rusa preparativos para firmar un acuerdo de exenci\u00f3n aduanera con Rusia"},"content":{"rendered":"<p><span style=\"color: #800000\">Damasco, SANA<\/span><\/p>\n<p>La Federaci\u00f3n de Exportadores sirios examin\u00f3 este jueves con una delegaci\u00f3n rusa las v\u00edas de activar el intercambio comercial y los preparativos necesarios para firmar un acuerdo que facilita los tr\u00e1mites aduaneros entre ambos pa\u00edses.<\/p>\n<p>En este contexto, el presidente de la susodicha Federaci\u00f3n, Mohamad al-Sawah declar\u00f3 que se trabaja actualmente para firmar un acuerdo entre Siria y Rusia sobre la exenci\u00f3n de los aranceles aduaneros y el acceso al mercado ruso.<\/p>\n<p>\u201cPlanteamos a la parte rusa el asunto de la inversi\u00f3n en las \u00e1reas de agricultura e industria\u201d, dijo al-Sawah aludiendo que el \u00fanico problema que afronta a ambas partes es el del asunto del embarque de Siria a Rusia y viceversa.<\/p>\n<p>A su vez, el miembro del Consejo de la Federaci\u00f3n de la Asamblea Federal de Rusia, Ziyad Sabsabi revel\u00f3\u00a0que dentro de pocos d\u00edas se alcanzar\u00e1 un acuerdo de intercambio comercial semi libre entre Siria y Rusia.<\/p>\n<p>El encargado de asuntos comerciales y econ\u00f3micos en la embajada de Rusia en Damasco se\u00f1al\u00f3 que el desarrollo del intercambio comercial entre ambos pa\u00edses requiere de aplicar un sistema de comercio entre ambos pa\u00edses, confirmando que la embajada no escatimar\u00e1 esfuerzo para lograr esta meta a trav\u00e9s de muchos medios, entre los cuales la emisi\u00f3n de legislaciones con la participaci\u00f3n del sector privado y de los gobiernos de Siria y Rusia.<\/p>\n<p>Asimismo revel\u00f3 a una posible visita oficial rusa a Siria para firmar el acuerdo de la exenci\u00f3n aduanera.<\/p>\n<p>&nbsp;<\/p>\n<p>&nbsp;<\/p>\n<p>Lynn A.<\/p>\n","protected":false},"excerpt":{"rendered":"<p>Damasco, SANA La Federaci\u00f3n de Exportadores sirios examin\u00f3 este jueves con una delegaci\u00f3n rusa las v\u00edas de activar el intercambio comercial y los preparativos necesarios para firmar un acuerdo que facilita los tr\u00e1mites aduaneros entre ambos pa\u00edses. En este contexto, el presidente de la susodicha Federaci\u00f3n, Mohamad al-Sawah declar\u00f3 que se trabaja actualmente para firmar &hellip;<\/p>\n","protected":false},"author":24,"featured_media":36599,"comment_status":"closed","ping_status":"closed","sticky":false,"template":"","format":"standard","meta":{"footnotes":""},"categories":[447,485,7541],"tags":[],"class_list":["post-36598","post","type-post","status-publish","format-standard","has-post-thumbnail","","category-local-politica","category-informes-negocios-y-finanzas","category-ultimas-noticias"],"_links":{"self":[{"href":"https:\/\/archive.sana.sy\/es\/index.php?rest_route=\/wp\/v2\/posts\/36598"}],"collection":[{"href":"https:\/\/archive.sana.sy\/es\/index.php?rest_route=\/wp\/v2\/posts"}],"about":[{"href":"https:\/\/archive.sana.sy\/es\/index.php?rest_route=\/wp\/v2\/types\/post"}],"author":[{"embeddable":true,"href":"https:\/\/archive.sana.sy\/es\/index.php?rest_route=\/wp\/v2\/users\/24"}],"replies":[{"embeddable":true,"href":"https:\/\/archive.sana.sy\/es\/index.php?rest_route=%2Fwp%2Fv2%2Fcomments&post=36598"}],"version-history":[{"count":0,"href":"https:\/\/archive.sana.sy\/es\/index.php?rest_route=\/wp\/v2\/posts\/36598\/revisions"}],"wp:featuredmedia":[{"embeddable":true,"href":"https:\/\/archive.sana.sy\/es\/index.php?rest_route=\/wp\/v2\/media\/36599"}],"wp:attachment":[{"href":"https:\/\/archive.sana.sy\/es\/index.php?rest_route=%2Fwp%2Fv2%2Fmedia&parent=36598"}],"wp:term":[{"taxonomy":"category","embeddable":true,"href":"https:\/\/archive.sana.sy\/es\/index.php?rest_route=%2Fwp%2Fv2%2Fcategories&post=36598"},{"taxonomy":"post_tag","embeddable":true,"href":"https:\/\/archive.sana.sy\/es\/index.php?rest_route=%2Fwp%2Fv2%2Ftags&post=36598"}],"curies":[{"name":"wp","href":"https:\/\/api.w.org\/{rel}","templated":true}]}}