{"id":36601,"date":"2016-01-14T19:13:29","date_gmt":"2016-01-14T17:13:29","guid":{"rendered":"http:\/\/sana.sy\/es\/?p=36601"},"modified":"2016-01-14T20:59:53","modified_gmt":"2016-01-14T18:59:53","slug":"cancilleria-rusa-reitera-llamados-para-apoyar-el-arreglo-politico-en-siria","status":"publish","type":"post","link":"https:\/\/archive.sana.sy\/es\/?p=36601","title":{"rendered":"Canciller\u00eda rusa reitera llamados para apoyar el arreglo pol\u00edtico en Siria"},"content":{"rendered":"<p><span style=\"color: #800000\">Mosc\u00fa, SANA<\/span><\/p>\n<p>La portavoz de la Canciller\u00eda rusa, Mar\u00eda Zaj\u00e1rova reiter\u00f3 la necesidad de que la comunidad internacional apoye el arreglo pol\u00edtico de la crisis en Siria, y se esfuerce para impedir la expansi\u00f3n de las organizaciones terroristas en la regi\u00f3n.<\/p>\n<p>Durante una rueda de presa sostenida este martes en Mosc\u00fa, Zaj\u00e1rova aludi\u00f3 a los preparativos de una reuni\u00f3n entre el canciller ruso, Serguei Lavrov y su hom\u00f3logo estadounidense, John Kerry para debatir el asunto de la soluci\u00f3n de la crisis en Siria \u201cde forma objetiva e integral\u201d, aclarando que en este encuentro se abordar\u00e1n tambi\u00e9n otros asuntos.<\/p>\n<p>La portavoz de la Canciller\u00eda rusa puso de relieve que el futuro del presidente sirio Bashar al-Assad corresponde solamente al pueblo sirio, se\u00f1alando que este tema no fue abordado en las reuniones de Viena y Nueva York.<br \/>\nAclar\u00f3 que el Gobierno sirio est\u00e1 luchando contra el terrorismo internacional, y el hecho de considerar a Rusia como una parte de la crisis siria no es l\u00f3gico para nada, puesto que las fuerzas a\u00e9reas rusas operan en respuesta a una solicitud planteada por la parte siria.<\/p>\n<p>Por otro lado, desminti\u00f3 declaraciones lanzadas por EEUU y Francia en las que acusan a las fuerzas a\u00e9reas rusas de atacar a civiles en el territorio sirio, tildando estas declaraciones de \u201cmentiras y propagandas intencionadas\u201d.<\/p>\n<p>Zaj\u00e1rova tach\u00f3 de \u201csucias\u201d las acusaciones turcas de matanzas de civiles, acusando a Ankara de buscar aprovechar de la crisis en Siria para cambiar la estructura \u00e9tnica en el norte de esta naci\u00f3n, as\u00ed como y de apoyar a organizaciones terroristas y extremistas en Siria que buscan lograr sus intereses de ahora.<\/p>\n<p>&nbsp;<br \/>\nLynn A.<\/p>\n","protected":false},"excerpt":{"rendered":"<p>Mosc\u00fa, SANA La portavoz de la Canciller\u00eda rusa, Mar\u00eda Zaj\u00e1rova reiter\u00f3 la necesidad de que la comunidad internacional apoye el arreglo pol\u00edtico de la crisis en Siria, y se esfuerce para impedir la expansi\u00f3n de las organizaciones terroristas en la regi\u00f3n. Durante una rueda de presa sostenida este martes en Mosc\u00fa, Zaj\u00e1rova aludi\u00f3 a los &hellip;<\/p>\n","protected":false},"author":24,"featured_media":30663,"comment_status":"closed","ping_status":"closed","sticky":false,"template":"","format":"standard","meta":{"footnotes":""},"categories":[467,583,7541],"tags":[],"class_list":["post-36601","post","type-post","status-publish","format-standard","has-post-thumbnail","","category-siria-y-el-mundo","category-slide","category-ultimas-noticias"],"_links":{"self":[{"href":"https:\/\/archive.sana.sy\/es\/index.php?rest_route=\/wp\/v2\/posts\/36601"}],"collection":[{"href":"https:\/\/archive.sana.sy\/es\/index.php?rest_route=\/wp\/v2\/posts"}],"about":[{"href":"https:\/\/archive.sana.sy\/es\/index.php?rest_route=\/wp\/v2\/types\/post"}],"author":[{"embeddable":true,"href":"https:\/\/archive.sana.sy\/es\/index.php?rest_route=\/wp\/v2\/users\/24"}],"replies":[{"embeddable":true,"href":"https:\/\/archive.sana.sy\/es\/index.php?rest_route=%2Fwp%2Fv2%2Fcomments&post=36601"}],"version-history":[{"count":0,"href":"https:\/\/archive.sana.sy\/es\/index.php?rest_route=\/wp\/v2\/posts\/36601\/revisions"}],"wp:featuredmedia":[{"embeddable":true,"href":"https:\/\/archive.sana.sy\/es\/index.php?rest_route=\/wp\/v2\/media\/30663"}],"wp:attachment":[{"href":"https:\/\/archive.sana.sy\/es\/index.php?rest_route=%2Fwp%2Fv2%2Fmedia&parent=36601"}],"wp:term":[{"taxonomy":"category","embeddable":true,"href":"https:\/\/archive.sana.sy\/es\/index.php?rest_route=%2Fwp%2Fv2%2Fcategories&post=36601"},{"taxonomy":"post_tag","embeddable":true,"href":"https:\/\/archive.sana.sy\/es\/index.php?rest_route=%2Fwp%2Fv2%2Ftags&post=36601"}],"curies":[{"name":"wp","href":"https:\/\/api.w.org\/{rel}","templated":true}]}}