{"id":36632,"date":"2016-01-15T17:23:39","date_gmt":"2016-01-15T15:23:39","guid":{"rendered":"http:\/\/sana.sy\/es\/?p=36632"},"modified":"2016-01-15T17:23:39","modified_gmt":"2016-01-15T15:23:39","slug":"abdullahian-examina-con-su-homologo-ruso-temas-relacionados-con-la-crisis-en-siria","status":"publish","type":"post","link":"https:\/\/archive.sana.sy\/es\/?p=36632","title":{"rendered":"Abdullahian examina con su hom\u00f3logo ruso temas relacionados con la crisis en Siria"},"content":{"rendered":"<p style=\"text-align: justify\"><span style=\"color: #800000\">Tehrer\u00e1n, SANA<\/span>&#8211; El vicecanciller iran\u00ed, Hossein Emir Abdullahian reiter\u00f3 el viernes durante una conversaci\u00f3n telef\u00f3nica con su hom\u00f3logo ruso, Mijael Bogdanov la posici\u00f3n firme y de principio de Ir\u00e1n a favor de buscar una soluci\u00f3n pol\u00edtica a la crisis siria y a trav\u00e9s del dialogo intersirio.<\/p>\n<p style=\"text-align: justify\">Ambas partes examinaron una bater\u00eda de asuntos relativos al arreglo pol\u00edtico de la crisis siria, inclusive los resultados de la visita del enviado especial de la ONU para Siria, Staffan a Teher\u00e1n.<\/p>\n<p style=\"text-align: justify\">Cabe destacar que el jueves la capital austriaca \u201cViena\u201d ha sido el lugar de una reuni\u00f3n trilateral entre el Viceministro de Relaciones Exteriores Ruso, el Enviado Especial de la ONU para Siria y la Secretaria de Estado estadounidense adjunta para Asuntos de Oriente Medio, donde fueron discutidos temas relacionados con la fase preparatoria de la negociaciones intersirias que se celebrar\u00e1n a finales del mes en curso.<\/p>\n<p>M.Miri<\/p>\n","protected":false},"excerpt":{"rendered":"<p>Tehrer\u00e1n, SANA&#8211; El vicecanciller iran\u00ed, Hossein Emir Abdullahian reiter\u00f3 el viernes durante una conversaci\u00f3n telef\u00f3nica con su hom\u00f3logo ruso, Mijael Bogdanov la posici\u00f3n firme y de principio de Ir\u00e1n a favor de buscar una soluci\u00f3n pol\u00edtica a la crisis siria y a trav\u00e9s del dialogo intersirio. Ambas partes examinaron una bater\u00eda de asuntos relativos al &hellip;<\/p>\n","protected":false},"author":1,"featured_media":36633,"comment_status":"closed","ping_status":"closed","sticky":false,"template":"","format":"standard","meta":{"footnotes":""},"categories":[467,7541],"tags":[7788],"class_list":["post-36632","post","type-post","status-publish","format-standard","has-post-thumbnail","","category-siria-y-el-mundo","category-ultimas-noticias","tag-abdullahian-examina-con-su-homologo-ruso-temas-relacionados-con-la-crisis-en-siria"],"_links":{"self":[{"href":"https:\/\/archive.sana.sy\/es\/index.php?rest_route=\/wp\/v2\/posts\/36632"}],"collection":[{"href":"https:\/\/archive.sana.sy\/es\/index.php?rest_route=\/wp\/v2\/posts"}],"about":[{"href":"https:\/\/archive.sana.sy\/es\/index.php?rest_route=\/wp\/v2\/types\/post"}],"author":[{"embeddable":true,"href":"https:\/\/archive.sana.sy\/es\/index.php?rest_route=\/wp\/v2\/users\/1"}],"replies":[{"embeddable":true,"href":"https:\/\/archive.sana.sy\/es\/index.php?rest_route=%2Fwp%2Fv2%2Fcomments&post=36632"}],"version-history":[{"count":0,"href":"https:\/\/archive.sana.sy\/es\/index.php?rest_route=\/wp\/v2\/posts\/36632\/revisions"}],"wp:featuredmedia":[{"embeddable":true,"href":"https:\/\/archive.sana.sy\/es\/index.php?rest_route=\/wp\/v2\/media\/36633"}],"wp:attachment":[{"href":"https:\/\/archive.sana.sy\/es\/index.php?rest_route=%2Fwp%2Fv2%2Fmedia&parent=36632"}],"wp:term":[{"taxonomy":"category","embeddable":true,"href":"https:\/\/archive.sana.sy\/es\/index.php?rest_route=%2Fwp%2Fv2%2Fcategories&post=36632"},{"taxonomy":"post_tag","embeddable":true,"href":"https:\/\/archive.sana.sy\/es\/index.php?rest_route=%2Fwp%2Fv2%2Ftags&post=36632"}],"curies":[{"name":"wp","href":"https:\/\/api.w.org\/{rel}","templated":true}]}}