{"id":36642,"date":"2016-01-16T12:51:53","date_gmt":"2016-01-16T10:51:53","guid":{"rendered":"http:\/\/sana.sy\/es\/?p=36642"},"modified":"2016-01-16T12:51:53","modified_gmt":"2016-01-16T10:51:53","slug":"siria-reitera-su-compromiso-de-hacer-llegar-la-ayuda-humanitaria-a-los-civiles-en-todas-las-areas-sin-discriminacion","status":"publish","type":"post","link":"https:\/\/archive.sana.sy\/es\/?p=36642","title":{"rendered":"Siria reitera su compromiso de hacer llegar la ayuda humanitaria a los civiles en todas las \u00e1reas sin discriminaci\u00f3n"},"content":{"rendered":"<p><span style=\"color: #800000\">Nueva York, SANA<\/span><\/p>\n<p>El Encargado de Negocios de la Misi\u00f3n Permanente de la Rep\u00fablica \u00c1rabe Siria ante las Naciones Unidas, Munther Munther, reiter\u00f3 el compromiso del gobierno de Siria a cooperar con las Naciones Unidas y con la Misi\u00f3n Internacional de la Cruz Roja para prestar asistencia humanitaria a los civiles afectados en todas las zonas de Siria, sin discriminaci\u00f3n ninguna, incluyendo las \u201c\u00e1reas calientes\u201d descritos por las Naciones Unidas como &#8220;zonas de dif\u00edcil de acceso o zonas sitiadas&#8221;.<\/p>\n<p>Durante la sesi\u00f3n del Consejo de Seguridad destinada a debatir la situaci\u00f3n en el Oriente Medio, Munther destac\u00f3 que el gobierno sirio ha demostrado ese compromiso con los hechos y no con palabras.<\/p>\n<p>El diplom\u00e1tico sirio lament\u00f3 profundamente que hay quienes insisten en dar un tratamiento a la cuesti\u00f3n humanitaria desde la perspectiva de su agenda pol\u00edtica estrecha, se\u00f1alando que esto constituye en s\u00ed mismo un acto inmoral porque ya no tiene como objetivo ayudar verdaderamente a los necesitados sino que explotar su dif\u00edcil situaci\u00f3n para lograr ciertos fines pol\u00edticos.<\/p>\n<p>Munther se\u00f1al\u00f3 que los que de verdad quieren ayudar a los necesitados en Siria deben, ante todo, colaborar y trabajar para tratar la ra\u00edz del problema que es el terrorismo respaldado externamente. En este sentido, explic\u00f3 que el sufrimiento humano en una serie de \u00e1reas de Siria s\u00f3lo ha surgido despu\u00e9s de que las organizaciones terroristas hayan entrado en las mismas, perpetrando la estabilidad y la seguridad que viv\u00edan sus poblaciones.<\/p>\n<p>\u201cLa eficiencia de la entrega de ayuda humanitaria requiere total transparencia y plena coordinaci\u00f3n con el gobierno sirio en lugar de criticar a ese gobierno\u201d, dijo Munther y record\u00f3 que el gobierno sirio ha empleado todos sus medios con el fin de prestar asistencia a todas las v\u00edctimas sin discriminaci\u00f3n, y cooper\u00f3 con las Naciones Unidas a este respecto con hechos y no con palabras, partiendo del principio de acoger bien cualquier esfuerzo sincero para ayudarle a llevar esta carga.<\/p>\n<p>A su vez, el representante de Rusia en el Consejo de Seguridad destac\u00f3 que se est\u00e1n haciendo esfuerzos para abortar el di\u00e1logo intersirio que se supone que comenzar\u00e1 en el 25 de este mes, con el pretexto del deterioro de la situaci\u00f3n humanitaria en algunas zonas de Siria.<\/p>\n<p>El diplom\u00e1tico ruco reafirm\u00f3 la necesidad de no imponer condiciones previas en el di\u00e1logo entre el gobierno sirio y la &#8220;oposici\u00f3n&#8221;, y agreg\u00f3 que las cuestiones humanitarias son una parte integral de estas conversaciones.<\/p>\n<p>Por su parte, el representante de China en el Consejo de Seguridad de la ONU subray\u00f3 que una soluci\u00f3n pol\u00edtica a la crisis en Siria es la \u00fanica manera de resolver todos los problemas, incluso aquellos problemas con dimensi\u00f3n humana pidiendo a la comunidad internacional que siga trabajando en pro de esa soluci\u00f3n pol\u00edtica.<\/p>\n<p>Por su parte, el representante de Venezuela en el Consejo de Seguridad dijo: \u201cEl gobierno sirio asumi\u00f3 sus responsabilidad de proteger a los civiles en las \u00e1reas bajo su control e incluso fuera de su control, y esto se refleja en varios informes de las Naciones Unidas\u201d, destacando la necesidad de mantenerse alejado de politizar el tema de derechos humanos.<\/p>\n<p>&nbsp;<\/p>\n<p>&nbsp;<\/p>\n<p>Fady M., Lynn A.<\/p>\n","protected":false},"excerpt":{"rendered":"<p>Nueva York, SANA El Encargado de Negocios de la Misi\u00f3n Permanente de la Rep\u00fablica \u00c1rabe Siria ante las Naciones Unidas, Munther Munther, reiter\u00f3 el compromiso del gobierno de Siria a cooperar con las Naciones Unidas y con la Misi\u00f3n Internacional de la Cruz Roja para prestar asistencia humanitaria a los civiles afectados en todas las &hellip;<\/p>\n","protected":false},"author":24,"featured_media":36643,"comment_status":"closed","ping_status":"closed","sticky":false,"template":"","format":"standard","meta":{"footnotes":""},"categories":[597,467,7541],"tags":[],"class_list":["post-36642","post","type-post","status-publish","format-standard","has-post-thumbnail","","category-cinta-de-noticias","category-siria-y-el-mundo","category-ultimas-noticias"],"_links":{"self":[{"href":"https:\/\/archive.sana.sy\/es\/index.php?rest_route=\/wp\/v2\/posts\/36642"}],"collection":[{"href":"https:\/\/archive.sana.sy\/es\/index.php?rest_route=\/wp\/v2\/posts"}],"about":[{"href":"https:\/\/archive.sana.sy\/es\/index.php?rest_route=\/wp\/v2\/types\/post"}],"author":[{"embeddable":true,"href":"https:\/\/archive.sana.sy\/es\/index.php?rest_route=\/wp\/v2\/users\/24"}],"replies":[{"embeddable":true,"href":"https:\/\/archive.sana.sy\/es\/index.php?rest_route=%2Fwp%2Fv2%2Fcomments&post=36642"}],"version-history":[{"count":0,"href":"https:\/\/archive.sana.sy\/es\/index.php?rest_route=\/wp\/v2\/posts\/36642\/revisions"}],"wp:featuredmedia":[{"embeddable":true,"href":"https:\/\/archive.sana.sy\/es\/index.php?rest_route=\/wp\/v2\/media\/36643"}],"wp:attachment":[{"href":"https:\/\/archive.sana.sy\/es\/index.php?rest_route=%2Fwp%2Fv2%2Fmedia&parent=36642"}],"wp:term":[{"taxonomy":"category","embeddable":true,"href":"https:\/\/archive.sana.sy\/es\/index.php?rest_route=%2Fwp%2Fv2%2Fcategories&post=36642"},{"taxonomy":"post_tag","embeddable":true,"href":"https:\/\/archive.sana.sy\/es\/index.php?rest_route=%2Fwp%2Fv2%2Ftags&post=36642"}],"curies":[{"name":"wp","href":"https:\/\/api.w.org\/{rel}","templated":true}]}}