{"id":36653,"date":"2016-01-16T12:59:17","date_gmt":"2016-01-16T10:59:17","guid":{"rendered":"http:\/\/sana.sy\/es\/?p=36653"},"modified":"2016-01-16T12:59:34","modified_gmt":"2016-01-16T10:59:34","slug":"36653","status":"publish","type":"post","link":"https:\/\/archive.sana.sy\/es\/?p=36653","title":{"rendered":"20 muertos en un asalto de terroristas a un hotel atacado en Burkina Faso"},"content":{"rendered":"<p><span style=\"color: #800000\">Burkina Faso, SANA<\/span><\/p>\n<p>Las fuerzas de Seguridad de Burkina Faso liberaron a los primeros rehenes retenidos por un grupo terrorista armado en el hotel Splendid de la capital del pa\u00eds, Uagadug\u00fa.<\/p>\n<p>La televisi\u00f3n oficial comunic\u00f3 que &#8220;las fuerzas del orden comenzaron el asalto contra los terroristas&#8221; liberando a &#8220;decenas de rehenes&#8221;.<\/p>\n<p>Previamente, se inform\u00f3 que las fuerzas de seguridad, que hab\u00edan rodeado el hotel, preparaban un asalto al establecimiento.<\/p>\n<p>En la noche del viernes, un grupo armado atac\u00f3 y tom\u00f3 rehenes en el hotel Splendid, el mayor de la capital burkinesa y en el que se alojan ciudadanos de pa\u00edses occidentales y empleados de la ONU.<\/p>\n<p>Antes de irrumpir en el hotel, los terroristas asaltaron tambi\u00e9n dos restaurantes y una oficina bancaria.<\/p>\n<p>Seg\u00fan la direcci\u00f3n del principal hospital local, hasta el momento el ataque caus\u00f3 al menos 20 muertos y 15 heridos.<\/p>\n<p>El atentado fue reivindicado por el Batall\u00f3n Al Murabitun, un grupo terrorista perteneciente a Al Qaeda del Magreb Isl\u00e1mico, de acuerdo a la plataforma SITE que monitorea los grupos yihadistas.<\/p>\n<p>&nbsp;<\/p>\n<p>&nbsp;<\/p>\n<p>Fady M., Lynn A.<\/p>\n","protected":false},"excerpt":{"rendered":"<p>Burkina Faso, SANA Las fuerzas de Seguridad de Burkina Faso liberaron a los primeros rehenes retenidos por un grupo terrorista armado en el hotel Splendid de la capital del pa\u00eds, Uagadug\u00fa. La televisi\u00f3n oficial comunic\u00f3 que &#8220;las fuerzas del orden comenzaron el asalto contra los terroristas&#8221; liberando a &#8220;decenas de rehenes&#8221;. Previamente, se inform\u00f3 que &hellip;<\/p>\n","protected":false},"author":24,"featured_media":36654,"comment_status":"closed","ping_status":"closed","sticky":false,"template":"","format":"standard","meta":{"footnotes":""},"categories":[456,457],"tags":[],"class_list":["post-36653","post","type-post","status-publish","format-standard","has-post-thumbnail","","category-arabe-internacional-politica","category-noticias-arabe-internacional-politica"],"_links":{"self":[{"href":"https:\/\/archive.sana.sy\/es\/index.php?rest_route=\/wp\/v2\/posts\/36653"}],"collection":[{"href":"https:\/\/archive.sana.sy\/es\/index.php?rest_route=\/wp\/v2\/posts"}],"about":[{"href":"https:\/\/archive.sana.sy\/es\/index.php?rest_route=\/wp\/v2\/types\/post"}],"author":[{"embeddable":true,"href":"https:\/\/archive.sana.sy\/es\/index.php?rest_route=\/wp\/v2\/users\/24"}],"replies":[{"embeddable":true,"href":"https:\/\/archive.sana.sy\/es\/index.php?rest_route=%2Fwp%2Fv2%2Fcomments&post=36653"}],"version-history":[{"count":0,"href":"https:\/\/archive.sana.sy\/es\/index.php?rest_route=\/wp\/v2\/posts\/36653\/revisions"}],"wp:featuredmedia":[{"embeddable":true,"href":"https:\/\/archive.sana.sy\/es\/index.php?rest_route=\/wp\/v2\/media\/36654"}],"wp:attachment":[{"href":"https:\/\/archive.sana.sy\/es\/index.php?rest_route=%2Fwp%2Fv2%2Fmedia&parent=36653"}],"wp:term":[{"taxonomy":"category","embeddable":true,"href":"https:\/\/archive.sana.sy\/es\/index.php?rest_route=%2Fwp%2Fv2%2Fcategories&post=36653"},{"taxonomy":"post_tag","embeddable":true,"href":"https:\/\/archive.sana.sy\/es\/index.php?rest_route=%2Fwp%2Fv2%2Ftags&post=36653"}],"curies":[{"name":"wp","href":"https:\/\/api.w.org\/{rel}","templated":true}]}}