{"id":36667,"date":"2016-01-16T16:29:11","date_gmt":"2016-01-16T14:29:11","guid":{"rendered":"http:\/\/sana.sy\/es\/?p=36667"},"modified":"2016-01-16T16:29:11","modified_gmt":"2016-01-16T14:29:11","slug":"maxima-autoridad-de-la-iglesia-siriaco-ortodoxa-en-todo-el-mundo-rechaza-injerencias-extranjeras-en-siria","status":"publish","type":"post","link":"https:\/\/archive.sana.sy\/es\/?p=36667","title":{"rendered":"M\u00e1xima autoridad de la iglesia siriaco-ortodoxa en todo el mundo rechaza injerencias extranjeras en Siria"},"content":{"rendered":"<p><span style=\"color: #800000\">Hassakeh, SANA<\/span><\/p>\n<p>El patriarca Mar Ignatios Afram II, patriarca de Antioqu\u00eda y todo el Oriente para la comunidad cristiana siriaca-ortodoxa, m\u00e1xima autoridad de la iglesia siriaca-ortodoxa en todo el mundo expres\u00f3 su rechazo a la injerencia extranjera, enfatizando que le corresponde al pueblo sirio solamente el derecho de determinar su futuro.<\/p>\n<p>Estas declaraciones se emitieron durante una reuni\u00f3n sostenida hoy el s\u00e1bado entre el patriarca Afram II y el gobernador de Hassakeh, Mohamad Zaal al-Ali en el patriarcado de Mar Yacoub en la ciudad noreste de Qamishli.<\/p>\n<p>\u201cRechazamos cualquier injerencia extranjera y cualquier acto que podr\u00eda menoscabar la unidad nacional y los integrantes de la sola sociedad\u201d, asever\u00f3 el patriarca.<\/p>\n<p>Por su parte, el Gobernador de Hassakeh destac\u00f3 el papel clave de los cl\u00e9rigos tanto cristianos como musulmanes en hacer frente a la ideolog\u00eda extremista destructiva y\u00a0en\u00a0fortalecer la unidad de la sociedad siria.<\/p>\n<p>&nbsp;<br \/>\nLynn A.<\/p>\n","protected":false},"excerpt":{"rendered":"<p>Hassakeh, SANA El patriarca Mar Ignatios Afram II, patriarca de Antioqu\u00eda y todo el Oriente para la comunidad cristiana siriaca-ortodoxa, m\u00e1xima autoridad de la iglesia siriaca-ortodoxa en todo el mundo expres\u00f3 su rechazo a la injerencia extranjera, enfatizando que le corresponde al pueblo sirio solamente el derecho de determinar su futuro. Estas declaraciones se emitieron &hellip;<\/p>\n","protected":false},"author":24,"featured_media":36668,"comment_status":"closed","ping_status":"closed","sticky":false,"template":"","format":"standard","meta":{"footnotes":""},"categories":[477,476],"tags":[],"class_list":["post-36667","post","type-post","status-publish","format-standard","has-post-thumbnail","","category-noticias-edulcorantes","category-locales"],"_links":{"self":[{"href":"https:\/\/archive.sana.sy\/es\/index.php?rest_route=\/wp\/v2\/posts\/36667"}],"collection":[{"href":"https:\/\/archive.sana.sy\/es\/index.php?rest_route=\/wp\/v2\/posts"}],"about":[{"href":"https:\/\/archive.sana.sy\/es\/index.php?rest_route=\/wp\/v2\/types\/post"}],"author":[{"embeddable":true,"href":"https:\/\/archive.sana.sy\/es\/index.php?rest_route=\/wp\/v2\/users\/24"}],"replies":[{"embeddable":true,"href":"https:\/\/archive.sana.sy\/es\/index.php?rest_route=%2Fwp%2Fv2%2Fcomments&post=36667"}],"version-history":[{"count":0,"href":"https:\/\/archive.sana.sy\/es\/index.php?rest_route=\/wp\/v2\/posts\/36667\/revisions"}],"wp:featuredmedia":[{"embeddable":true,"href":"https:\/\/archive.sana.sy\/es\/index.php?rest_route=\/wp\/v2\/media\/36668"}],"wp:attachment":[{"href":"https:\/\/archive.sana.sy\/es\/index.php?rest_route=%2Fwp%2Fv2%2Fmedia&parent=36667"}],"wp:term":[{"taxonomy":"category","embeddable":true,"href":"https:\/\/archive.sana.sy\/es\/index.php?rest_route=%2Fwp%2Fv2%2Fcategories&post=36667"},{"taxonomy":"post_tag","embeddable":true,"href":"https:\/\/archive.sana.sy\/es\/index.php?rest_route=%2Fwp%2Fv2%2Ftags&post=36667"}],"curies":[{"name":"wp","href":"https:\/\/api.w.org\/{rel}","templated":true}]}}