{"id":36679,"date":"2016-01-16T19:32:51","date_gmt":"2016-01-16T17:32:51","guid":{"rendered":"http:\/\/sana.sy\/es\/?p=36679"},"modified":"2016-01-16T19:32:51","modified_gmt":"2016-01-16T17:32:51","slug":"derrotar-el-terrorismo-es-el-objetivo-principal-de-rusia-en-siria","status":"publish","type":"post","link":"https:\/\/archive.sana.sy\/es\/?p=36679","title":{"rendered":"Derrotar el terrorismo es el objetivo principal de Rusia en Siria"},"content":{"rendered":"<p style=\"text-align: justify\"><span style=\"color: #800000\">Mosc\u00fa, SANA<\/span>&#8211; El Ministerio de Defensa ruso, confirm\u00f3 el \u00fanico objetivo de la operaci\u00f3n rusa en Siria es la eliminaci\u00f3n del terrorismo internacional, condenando las recientes declaraciones francesas en este sentido.<\/p>\n<p>En relaci\u00f3n con las declaraciones emitidas por el Ministro de Defensa franc\u00e9s, Jean-Yves Odrian qui\u00e9n dijo que Par\u00eds no est\u00e1 convencido de que las incursiones rusas son contra (Daesh), dijo el portavoz del Ministerio de Defensa de Rusia, el mayor general Igor Konashenkov, que el objetivo principal y \u00fanico de la operaci\u00f3n rusa en Siria es la eliminaci\u00f3n del mayor feudo del terrorismo internacional.<\/p>\n<p style=\"text-align: justify\">Seg\u00fan el vocero ruso, Rusia no es el responsable de la aparici\u00f3n de la organizaci\u00f3n terrorista de (Daesh), sino son los que, actualmente, est\u00e1n criticando la acci\u00f3n rusa en Siria, a\u00f1adiendo que ellos mismos est\u00e1n apoyando y armando a los terroristas desde 2011.<\/p>\n<p style=\"text-align: justify\">\u201cla evidencia sobre la eficacia de la actuaci\u00f3n de los aviones de guerra rusos en Siria, es la liberaci\u00f3n de cientos de ciudades y pueblos por las fuerzas armadas sirias y la oposici\u00f3n nacional,\u201d dijo Konashenkov.<\/p>\n<p style=\"text-align: justify\">Es de se\u00f1alar que la Fuerza A\u00e9rea rusa efectu\u00f3 m\u00e1s de 5.662 vuelos de combate contra las posiciones del Estado Isl\u00e1mico y otras organizaciones terroristas, desde el comienzo de la operaci\u00f3n en Siria, seg\u00fan inform\u00f3 el Ministerio de Defensa ruso.<\/p>\n<p>M.Miri<\/p>\n","protected":false},"excerpt":{"rendered":"<p>Mosc\u00fa, SANA&#8211; El Ministerio de Defensa ruso, confirm\u00f3 el \u00fanico objetivo de la operaci\u00f3n rusa en Siria es la eliminaci\u00f3n del terrorismo internacional, condenando las recientes declaraciones francesas en este sentido. En relaci\u00f3n con las declaraciones emitidas por el Ministro de Defensa franc\u00e9s, Jean-Yves Odrian qui\u00e9n dijo que Par\u00eds no est\u00e1 convencido de que las &hellip;<\/p>\n","protected":false},"author":1,"featured_media":36680,"comment_status":"closed","ping_status":"closed","sticky":false,"template":"","format":"standard","meta":{"footnotes":""},"categories":[467,7541],"tags":[7792],"class_list":["post-36679","post","type-post","status-publish","format-standard","has-post-thumbnail","","category-siria-y-el-mundo","category-ultimas-noticias","tag-derrotar-el-terrorismo-es-el-objetivo-principal-de-rusia-en-siria"],"_links":{"self":[{"href":"https:\/\/archive.sana.sy\/es\/index.php?rest_route=\/wp\/v2\/posts\/36679"}],"collection":[{"href":"https:\/\/archive.sana.sy\/es\/index.php?rest_route=\/wp\/v2\/posts"}],"about":[{"href":"https:\/\/archive.sana.sy\/es\/index.php?rest_route=\/wp\/v2\/types\/post"}],"author":[{"embeddable":true,"href":"https:\/\/archive.sana.sy\/es\/index.php?rest_route=\/wp\/v2\/users\/1"}],"replies":[{"embeddable":true,"href":"https:\/\/archive.sana.sy\/es\/index.php?rest_route=%2Fwp%2Fv2%2Fcomments&post=36679"}],"version-history":[{"count":0,"href":"https:\/\/archive.sana.sy\/es\/index.php?rest_route=\/wp\/v2\/posts\/36679\/revisions"}],"wp:featuredmedia":[{"embeddable":true,"href":"https:\/\/archive.sana.sy\/es\/index.php?rest_route=\/wp\/v2\/media\/36680"}],"wp:attachment":[{"href":"https:\/\/archive.sana.sy\/es\/index.php?rest_route=%2Fwp%2Fv2%2Fmedia&parent=36679"}],"wp:term":[{"taxonomy":"category","embeddable":true,"href":"https:\/\/archive.sana.sy\/es\/index.php?rest_route=%2Fwp%2Fv2%2Fcategories&post=36679"},{"taxonomy":"post_tag","embeddable":true,"href":"https:\/\/archive.sana.sy\/es\/index.php?rest_route=%2Fwp%2Fv2%2Ftags&post=36679"}],"curies":[{"name":"wp","href":"https:\/\/api.w.org\/{rel}","templated":true}]}}