{"id":36682,"date":"2016-01-16T19:53:11","date_gmt":"2016-01-16T17:53:11","guid":{"rendered":"http:\/\/sana.sy\/es\/?p=36682"},"modified":"2016-01-16T19:53:11","modified_gmt":"2016-01-16T17:53:11","slug":"ejercito-iraqui-recupera-nuevas-zonas-en-la-provincia-de-al-anbar","status":"publish","type":"post","link":"https:\/\/archive.sana.sy\/es\/?p=36682","title":{"rendered":"Ej\u00e9rcito iraqu\u00ed recupera nuevas zonas en la provincia de al-Anbar"},"content":{"rendered":"<p style=\"text-align: justify\"><span style=\"color: #800000\">Bagdad, SANA<\/span>&#8211; El Ej\u00e9rcito iraqu\u00ed elimin\u00f3 a decenas de terroristas del grupo takfir\u00ed EI (Daesh) y recuper\u00f3 el control de dos localidades al este de la ciudad de al-Ramadi de la provincia de al-Anbar.<\/p>\n<p style=\"text-align: justify\">&#8220;Las fuerzas de seguridad y los combatientes populares han logrado liberar por completo las zonas de al-Siyara y amplias \u00e1reas de la zona de Yubia&#8221;, ha informado el s\u00e1bado el general de brigada, Ismael al-mahellawi, a trav\u00e9s de un comunicado.<\/p>\n<p style=\"text-align: justify\">Al-mahellawi agreg\u00f3 que las fuerzas populares iraqu\u00edes acabaron con la vida de unos 29 integrantes de Daesh y destruyeron 4 feudos y 7 veh\u00edculos equipados con ametralladoras pesadas.<\/p>\n<p style=\"text-align: justify\">En el mismo contexto, una fuente de la gobernaci\u00f3n de la provincia de al-Anbar inform\u00f3 de la detenci\u00f3n de 167 integrantes del (EI), mientras trataban infiltrarse hacia los campo de desplazados al este de la ciudad de al-Rmadi y al sur de la ciudad de Faluya.<\/p>\n<p>M.Miri<\/p>\n","protected":false},"excerpt":{"rendered":"<p>Bagdad, SANA&#8211; El Ej\u00e9rcito iraqu\u00ed elimin\u00f3 a decenas de terroristas del grupo takfir\u00ed EI (Daesh) y recuper\u00f3 el control de dos localidades al este de la ciudad de al-Ramadi de la provincia de al-Anbar. &#8220;Las fuerzas de seguridad y los combatientes populares han logrado liberar por completo las zonas de al-Siyara y amplias \u00e1reas de &hellip;<\/p>\n","protected":false},"author":1,"featured_media":36683,"comment_status":"closed","ping_status":"closed","sticky":false,"template":"","format":"standard","meta":{"footnotes":""},"categories":[456,457,7541],"tags":[7793],"class_list":["post-36682","post","type-post","status-publish","format-standard","has-post-thumbnail","","category-arabe-internacional-politica","category-noticias-arabe-internacional-politica","category-ultimas-noticias","tag-ejercito-iraqui-recupera-nuevas-zonas-en-la-provincia-de-al-anbar"],"_links":{"self":[{"href":"https:\/\/archive.sana.sy\/es\/index.php?rest_route=\/wp\/v2\/posts\/36682"}],"collection":[{"href":"https:\/\/archive.sana.sy\/es\/index.php?rest_route=\/wp\/v2\/posts"}],"about":[{"href":"https:\/\/archive.sana.sy\/es\/index.php?rest_route=\/wp\/v2\/types\/post"}],"author":[{"embeddable":true,"href":"https:\/\/archive.sana.sy\/es\/index.php?rest_route=\/wp\/v2\/users\/1"}],"replies":[{"embeddable":true,"href":"https:\/\/archive.sana.sy\/es\/index.php?rest_route=%2Fwp%2Fv2%2Fcomments&post=36682"}],"version-history":[{"count":0,"href":"https:\/\/archive.sana.sy\/es\/index.php?rest_route=\/wp\/v2\/posts\/36682\/revisions"}],"wp:featuredmedia":[{"embeddable":true,"href":"https:\/\/archive.sana.sy\/es\/index.php?rest_route=\/wp\/v2\/media\/36683"}],"wp:attachment":[{"href":"https:\/\/archive.sana.sy\/es\/index.php?rest_route=%2Fwp%2Fv2%2Fmedia&parent=36682"}],"wp:term":[{"taxonomy":"category","embeddable":true,"href":"https:\/\/archive.sana.sy\/es\/index.php?rest_route=%2Fwp%2Fv2%2Fcategories&post=36682"},{"taxonomy":"post_tag","embeddable":true,"href":"https:\/\/archive.sana.sy\/es\/index.php?rest_route=%2Fwp%2Fv2%2Ftags&post=36682"}],"curies":[{"name":"wp","href":"https:\/\/api.w.org\/{rel}","templated":true}]}}