{"id":36685,"date":"2016-01-16T20:23:54","date_gmt":"2016-01-16T18:23:54","guid":{"rendered":"http:\/\/sana.sy\/es\/?p=36685"},"modified":"2016-01-16T20:23:54","modified_gmt":"2016-01-16T18:23:54","slug":"detenida-una-joven-tunecina-por-presuntos-lazos-terroristas","status":"publish","type":"post","link":"https:\/\/archive.sana.sy\/es\/?p=36685","title":{"rendered":"Detenida una joven tunecina por presuntos lazos terroristas"},"content":{"rendered":"<p style=\"text-align: justify\"><span style=\"color: #800000\">T\u00fanez, SANA<\/span>&#8211; La Polic\u00eda tunecina ha arrestado a una joven de 19 a\u00f1os de edad en el centro del pa\u00eds, por mantener relaciones con l\u00edderes de grupos terroristas en Siria y Libia.<\/p>\n<p style=\"text-align: justify\">Seg\u00fan el diario \u201cHakaek on-line\u201d las autoridades competentes de la gobernaci\u00f3n de Kairu\u00e1n detuvieron a la joven en su casa, donde fueron confiscados libros y folletos radicales.<\/p>\n<p style=\"text-align: justify\">Seg\u00fan el \u00faltimo informe de las Naciones Unida, casi 5500 j\u00f3venes tunecinos, entre 18-38 a\u00f1os, se incorporaron a las filas de grupos terroristas en Siria e Iraq.<\/p>\n<p>M.Miri<\/p>\n","protected":false},"excerpt":{"rendered":"<p>T\u00fanez, SANA&#8211; La Polic\u00eda tunecina ha arrestado a una joven de 19 a\u00f1os de edad en el centro del pa\u00eds, por mantener relaciones con l\u00edderes de grupos terroristas en Siria y Libia. Seg\u00fan el diario \u201cHakaek on-line\u201d las autoridades competentes de la gobernaci\u00f3n de Kairu\u00e1n detuvieron a la joven en su casa, donde fueron confiscados &hellip;<\/p>\n","protected":false},"author":1,"featured_media":19138,"comment_status":"closed","ping_status":"closed","sticky":false,"template":"","format":"standard","meta":{"footnotes":""},"categories":[456,457,7541],"tags":[7794],"class_list":["post-36685","post","type-post","status-publish","format-standard","has-post-thumbnail","","category-arabe-internacional-politica","category-noticias-arabe-internacional-politica","category-ultimas-noticias","tag-detenida-una-joven-tunecina-por-presuntos-lazos-terroristas"],"_links":{"self":[{"href":"https:\/\/archive.sana.sy\/es\/index.php?rest_route=\/wp\/v2\/posts\/36685"}],"collection":[{"href":"https:\/\/archive.sana.sy\/es\/index.php?rest_route=\/wp\/v2\/posts"}],"about":[{"href":"https:\/\/archive.sana.sy\/es\/index.php?rest_route=\/wp\/v2\/types\/post"}],"author":[{"embeddable":true,"href":"https:\/\/archive.sana.sy\/es\/index.php?rest_route=\/wp\/v2\/users\/1"}],"replies":[{"embeddable":true,"href":"https:\/\/archive.sana.sy\/es\/index.php?rest_route=%2Fwp%2Fv2%2Fcomments&post=36685"}],"version-history":[{"count":0,"href":"https:\/\/archive.sana.sy\/es\/index.php?rest_route=\/wp\/v2\/posts\/36685\/revisions"}],"wp:featuredmedia":[{"embeddable":true,"href":"https:\/\/archive.sana.sy\/es\/index.php?rest_route=\/wp\/v2\/media\/19138"}],"wp:attachment":[{"href":"https:\/\/archive.sana.sy\/es\/index.php?rest_route=%2Fwp%2Fv2%2Fmedia&parent=36685"}],"wp:term":[{"taxonomy":"category","embeddable":true,"href":"https:\/\/archive.sana.sy\/es\/index.php?rest_route=%2Fwp%2Fv2%2Fcategories&post=36685"},{"taxonomy":"post_tag","embeddable":true,"href":"https:\/\/archive.sana.sy\/es\/index.php?rest_route=%2Fwp%2Fv2%2Ftags&post=36685"}],"curies":[{"name":"wp","href":"https:\/\/api.w.org\/{rel}","templated":true}]}}