{"id":36711,"date":"2016-01-17T18:03:50","date_gmt":"2016-01-17T16:03:50","guid":{"rendered":"http:\/\/sana.sy\/es\/?p=36711"},"modified":"2016-01-17T19:00:48","modified_gmt":"2016-01-17T17:00:48","slug":"cuba-renueva-sus-posturas-de-apoyo-hacia-siria-y-su-pueblo","status":"publish","type":"post","link":"https:\/\/archive.sana.sy\/es\/?p=36711","title":{"rendered":"Cuba renueva sus posturas de apoyo hacia Siria y su pueblo"},"content":{"rendered":"<p><span style=\"color: #800000\"><strong>La Habana, SANA<\/strong><\/span><\/p>\n<p><strong>El presidente cubano Ra\u00fal Castro en un mensaje de felicitaciones por el 50\u00ba aniversario de la fundaci\u00f3n de la Organizaci\u00f3n de Solidaridad con los Pueblos de \u00c1frica, Asia y Am\u00e9rica Latina (OSPAL) confirm\u00f3 el apoyo de Cuba al pueblo sirio en su guerra contra el terrorismo.<\/strong><\/p>\n<p><strong>Por su parte Lurdes Cervantes la secretaria general de la organizaci\u00f3n hizo hincapi\u00e9 en la continuidad del apoyo a los derechos de los pueblos de elegir su sistema pol\u00edtico y social sin ninguna intervenci\u00f3n externa.<\/strong><\/p>\n<p><strong>As\u00ed como Lurdes Cervantes\u00a0 renov\u00f3 el apoyo de la organizaci\u00f3n a Siria en su enfrentamiento al enemigo sionista imperialista desde hace cuatro a\u00f1os.<\/strong><\/p>\n<p><strong>La secretaria continu\u00f3 condenando a los cr\u00edmenes de los terroristas contra los civiles en Siria expresando su gratitud a la Direcci\u00f3n Regional del partido \u00c1rabe\u00a0 Socialista Al Bath quien\u00a0 envi\u00f3 un mensaje de felicitaciones a la organizaci\u00f3n\u00a0 a pesar de\u00a0 las actuales dificultades y circunstancias que sufre Siria.<\/strong><\/p>\n<p><strong>Cabe decir que el liderazgo del partido \u00c1rabe Socialista Al Bath envi\u00f3 un mensaje de felicitaciones a la organizaci\u00f3n en su aniversario donde fue le\u00edda entre los mensajes recibidos; el mensaje del partido al-Bath afirm\u00f3 sus posturas contra el imperialismo, el sionismo y sus aliados.<\/strong><\/p>\n<p><span style=\"color: #0000ff\">Riyad Sh.-Hala B.<\/span><\/p>\n","protected":false},"excerpt":{"rendered":"<p>La Habana, SANA El presidente cubano Ra\u00fal Castro en un mensaje de felicitaciones por el 50\u00ba aniversario de la fundaci\u00f3n de la Organizaci\u00f3n de Solidaridad con los Pueblos de \u00c1frica, Asia y Am\u00e9rica Latina (OSPAL) confirm\u00f3 el apoyo de Cuba al pueblo sirio en su guerra contra el terrorismo. Por su parte Lurdes Cervantes la &hellip;<\/p>\n","protected":false},"author":1,"featured_media":36712,"comment_status":"closed","ping_status":"closed","sticky":false,"template":"","format":"standard","meta":{"footnotes":""},"categories":[597,456,457,576,467,7541],"tags":[7799],"class_list":["post-36711","post","type-post","status-publish","format-standard","has-post-thumbnail","","category-cinta-de-noticias","category-arabe-internacional-politica","category-noticias-arabe-internacional-politica","category-noticias-politicas","category-siria-y-el-mundo","category-ultimas-noticias","tag-cuba-renueva-sus-posturas-de-apoyo-hacia-siria-y-su-pueblo"],"_links":{"self":[{"href":"https:\/\/archive.sana.sy\/es\/index.php?rest_route=\/wp\/v2\/posts\/36711"}],"collection":[{"href":"https:\/\/archive.sana.sy\/es\/index.php?rest_route=\/wp\/v2\/posts"}],"about":[{"href":"https:\/\/archive.sana.sy\/es\/index.php?rest_route=\/wp\/v2\/types\/post"}],"author":[{"embeddable":true,"href":"https:\/\/archive.sana.sy\/es\/index.php?rest_route=\/wp\/v2\/users\/1"}],"replies":[{"embeddable":true,"href":"https:\/\/archive.sana.sy\/es\/index.php?rest_route=%2Fwp%2Fv2%2Fcomments&post=36711"}],"version-history":[{"count":0,"href":"https:\/\/archive.sana.sy\/es\/index.php?rest_route=\/wp\/v2\/posts\/36711\/revisions"}],"wp:featuredmedia":[{"embeddable":true,"href":"https:\/\/archive.sana.sy\/es\/index.php?rest_route=\/wp\/v2\/media\/36712"}],"wp:attachment":[{"href":"https:\/\/archive.sana.sy\/es\/index.php?rest_route=%2Fwp%2Fv2%2Fmedia&parent=36711"}],"wp:term":[{"taxonomy":"category","embeddable":true,"href":"https:\/\/archive.sana.sy\/es\/index.php?rest_route=%2Fwp%2Fv2%2Fcategories&post=36711"},{"taxonomy":"post_tag","embeddable":true,"href":"https:\/\/archive.sana.sy\/es\/index.php?rest_route=%2Fwp%2Fv2%2Ftags&post=36711"}],"curies":[{"name":"wp","href":"https:\/\/api.w.org\/{rel}","templated":true}]}}