{"id":36723,"date":"2016-01-17T14:15:10","date_gmt":"2016-01-17T12:15:10","guid":{"rendered":"http:\/\/sana.sy\/es\/?p=36723"},"modified":"2016-01-17T17:24:00","modified_gmt":"2016-01-17T15:24:00","slug":"abdullahina-debate-con-de-mistura-los-esfuerzos-desempenados-para-celebrar-las-negociaciones-intersirias","status":"publish","type":"post","link":"https:\/\/archive.sana.sy\/es\/?p=36723","title":{"rendered":"Abdullahian debate con De Mistura los esfuerzos desempe\u00f1ados para celebrar las negociaciones intersirias"},"content":{"rendered":"<p><strong><span style=\"color: #800000\">Teher\u00e1n, SANA<\/span><\/strong><\/p>\n<p><strong>El vicecanciller iran\u00ed, Hossein Amir Abdullahian reiter\u00f3 el apoyo de su pa\u00eds a los esfuerzos de la ONU para celebrar un encuentro sirio-sirio en Ginebra, destacando la importancia de que el curso de la lucha antiterrorista coincide con el de la soluci\u00f3n pol\u00edtica de la crisis siria conforme a lo acordado en las reuniones de Viena y Nueva York.<\/strong><\/p>\n<p><strong>En una conversaci\u00f3n telef\u00f3nica con el enviado especial de la ONU para Siria, Staffan de Mistura, el alto funcionario iran\u00ed destac\u00f3 la necesidad de prestar atenci\u00f3n a las dimensiones humanitarias de la crisis en Siria.<\/strong><\/p>\n<p><strong>A su vez, De Mistura hizo una panor\u00e1mica sobre los intensos esfuerzos desempe\u00f1ados para realizar las negociaciones intersirias entre los representantes del Gobierno sirio y los bandos opositores.<\/strong><\/p>\n<p><strong>Por otro lado, enfatiz\u00f3 la necesidad de enviar las ayudas humanitarias a Siria, expresando su aprecio por el papel positivo de Ir\u00e1n en el proceso de buscar una soluci\u00f3n pol\u00edtica de la crisis siria.<\/strong><\/p>\n<p><strong>Cabe destacar que De Mistura hab\u00eda visitado el 10 del mes en curso la Rep\u00fablica Isl\u00e1mica de Ir\u00e1n, donde realiz\u00f3 conversaciones con altos funcionarios iran\u00edes sobre los esfuerzos desempa\u00f1ados para solucionar la crisis siria por las v\u00edas pol\u00edticas.<\/strong><\/p>\n<p>&nbsp;<\/p>\n<p>&nbsp;<\/p>\n<p><strong>Lynn A.<\/strong><\/p>\n<p>&nbsp;<\/p>\n","protected":false},"excerpt":{"rendered":"<p>Teher\u00e1n, SANA El vicecanciller iran\u00ed, Hossein Amir Abdullahian reiter\u00f3 el apoyo de su pa\u00eds a los esfuerzos de la ONU para celebrar un encuentro sirio-sirio en Ginebra, destacando la importancia de que el curso de la lucha antiterrorista coincide con el de la soluci\u00f3n pol\u00edtica de la crisis siria conforme a lo acordado en las &hellip;<\/p>\n","protected":false},"author":24,"featured_media":36737,"comment_status":"closed","ping_status":"closed","sticky":false,"template":"","format":"standard","meta":{"footnotes":""},"categories":[597,576,467,583,7541],"tags":[],"class_list":["post-36723","post","type-post","status-publish","format-standard","has-post-thumbnail","","category-cinta-de-noticias","category-noticias-politicas","category-siria-y-el-mundo","category-slide","category-ultimas-noticias"],"_links":{"self":[{"href":"https:\/\/archive.sana.sy\/es\/index.php?rest_route=\/wp\/v2\/posts\/36723"}],"collection":[{"href":"https:\/\/archive.sana.sy\/es\/index.php?rest_route=\/wp\/v2\/posts"}],"about":[{"href":"https:\/\/archive.sana.sy\/es\/index.php?rest_route=\/wp\/v2\/types\/post"}],"author":[{"embeddable":true,"href":"https:\/\/archive.sana.sy\/es\/index.php?rest_route=\/wp\/v2\/users\/24"}],"replies":[{"embeddable":true,"href":"https:\/\/archive.sana.sy\/es\/index.php?rest_route=%2Fwp%2Fv2%2Fcomments&post=36723"}],"version-history":[{"count":0,"href":"https:\/\/archive.sana.sy\/es\/index.php?rest_route=\/wp\/v2\/posts\/36723\/revisions"}],"wp:featuredmedia":[{"embeddable":true,"href":"https:\/\/archive.sana.sy\/es\/index.php?rest_route=\/wp\/v2\/media\/36737"}],"wp:attachment":[{"href":"https:\/\/archive.sana.sy\/es\/index.php?rest_route=%2Fwp%2Fv2%2Fmedia&parent=36723"}],"wp:term":[{"taxonomy":"category","embeddable":true,"href":"https:\/\/archive.sana.sy\/es\/index.php?rest_route=%2Fwp%2Fv2%2Fcategories&post=36723"},{"taxonomy":"post_tag","embeddable":true,"href":"https:\/\/archive.sana.sy\/es\/index.php?rest_route=%2Fwp%2Fv2%2Ftags&post=36723"}],"curies":[{"name":"wp","href":"https:\/\/api.w.org\/{rel}","templated":true}]}}