{"id":36788,"date":"2016-01-19T11:32:59","date_gmt":"2016-01-19T09:32:59","guid":{"rendered":"http:\/\/www.sana.sy\/es\/?p=36788"},"modified":"2016-01-19T21:03:53","modified_gmt":"2016-01-19T19:03:53","slug":"ejercito-se-apodera-de-redes-de-trincheras-y-tuneles-usados-por-los-terroristas-en-harasta","status":"publish","type":"post","link":"https:\/\/archive.sana.sy\/es\/?p=36788","title":{"rendered":"Ej\u00e9rcito se apodera de redes de trincheras y t\u00faneles usados por los terroristas en Harasta \u00a0"},"content":{"rendered":"<div><\/div>\n<div style=\"text-align: justify\"><span lang=\"ES-TRAD\" style=\"color: #800000\">Damasco, SANA-\u00a0<\/span><span lang=\"ES-TRAD\">Unidades del Ej\u00e9rcito se apoderaron de varias granjas y bloques de edificios, al este de la autopista de Harasta, en Damasco-campo.<\/span><\/div>\n<div style=\"text-align: justify\"><span lang=\"ES-TRAD\">\u00a0<\/span><\/div>\n<div style=\"text-align: justify\"><span lang=\"ES-TRAD\">Una fuente militar inform\u00f3 que las Fuerzas Armadas infligieron numerosas bajas en las filas de las organizaciones terroristas, a su frente el &#8220;Ej\u00e9rcito del Islam&#8221;, en la localidad de Harasta al este de Damasco.<\/span><\/div>\n<div style=\"text-align: justify\"><span lang=\"ES-TRAD\">\u00a0<\/span><\/div>\n<div style=\"text-align: justify\"><span lang=\"ES-TRAD\">Seg\u00fan la fuente, el Ej\u00e9rcito logr\u00f3 nuevos avances y tom\u00f3 el control de algunas granjas y edificios al este de la autopista internacional que cruza por la mencionada localidad.<\/span><\/div>\n<div style=\"text-align: justify\"><span lang=\"ES-TRAD\">\u00a0<\/span><\/div>\n<div style=\"text-align: justify\"><span lang=\"ES-TRAD\">Por otro lado, unidades militares se apoderaron de una red de trincheras y t\u00faneles en lo que se atrincheraban los terroristas en la misma zona.<\/span><\/div>\n<div style=\"text-align: justify\"><\/div>\n<div style=\"text-align: justify\"><\/div>\n<div><\/div>\n<div><\/div>\n<div>Fady M., Hala B.<\/div>\n<div class=\"yj6qo ajU\">\n<div id=\":ud\" class=\"ajR\"><img decoding=\"async\" class=\"ajT\" src=\"https:\/\/ssl.gstatic.com\/ui\/v1\/icons\/mail\/images\/cleardot.gif\" alt=\"\" \/><\/div>\n<\/div>\n","protected":false},"excerpt":{"rendered":"<p>Damasco, SANA-\u00a0Unidades del Ej\u00e9rcito se apoderaron de varias granjas y bloques de edificios, al este de la autopista de Harasta, en Damasco-campo. \u00a0 Una fuente militar inform\u00f3 que las Fuerzas Armadas infligieron numerosas bajas en las filas de las organizaciones terroristas, a su frente el &#8220;Ej\u00e9rcito del Islam&#8221;, en la localidad de Harasta al este &hellip;<\/p>\n","protected":false},"author":1,"featured_media":36789,"comment_status":"closed","ping_status":"closed","sticky":false,"template":"","format":"standard","meta":{"footnotes":""},"categories":[573,583,7541],"tags":[7803],"class_list":["post-36788","post","type-post","status-publish","format-standard","has-post-thumbnail","","category-la-realidad-de-los-acontecimientos-en-siria","category-slide","category-ultimas-noticias","tag-ejercito-se-apodera-de-redes-de-trincheras-y-tuneles-usados-por-los-terroristas-en-harasta"],"_links":{"self":[{"href":"https:\/\/archive.sana.sy\/es\/index.php?rest_route=\/wp\/v2\/posts\/36788"}],"collection":[{"href":"https:\/\/archive.sana.sy\/es\/index.php?rest_route=\/wp\/v2\/posts"}],"about":[{"href":"https:\/\/archive.sana.sy\/es\/index.php?rest_route=\/wp\/v2\/types\/post"}],"author":[{"embeddable":true,"href":"https:\/\/archive.sana.sy\/es\/index.php?rest_route=\/wp\/v2\/users\/1"}],"replies":[{"embeddable":true,"href":"https:\/\/archive.sana.sy\/es\/index.php?rest_route=%2Fwp%2Fv2%2Fcomments&post=36788"}],"version-history":[{"count":0,"href":"https:\/\/archive.sana.sy\/es\/index.php?rest_route=\/wp\/v2\/posts\/36788\/revisions"}],"wp:featuredmedia":[{"embeddable":true,"href":"https:\/\/archive.sana.sy\/es\/index.php?rest_route=\/wp\/v2\/media\/36789"}],"wp:attachment":[{"href":"https:\/\/archive.sana.sy\/es\/index.php?rest_route=%2Fwp%2Fv2%2Fmedia&parent=36788"}],"wp:term":[{"taxonomy":"category","embeddable":true,"href":"https:\/\/archive.sana.sy\/es\/index.php?rest_route=%2Fwp%2Fv2%2Fcategories&post=36788"},{"taxonomy":"post_tag","embeddable":true,"href":"https:\/\/archive.sana.sy\/es\/index.php?rest_route=%2Fwp%2Fv2%2Ftags&post=36788"}],"curies":[{"name":"wp","href":"https:\/\/api.w.org\/{rel}","templated":true}]}}