{"id":36800,"date":"2016-01-19T12:57:17","date_gmt":"2016-01-19T10:57:17","guid":{"rendered":"http:\/\/www.sana.sy\/es\/?p=36800"},"modified":"2016-01-19T12:57:17","modified_gmt":"2016-01-19T10:57:17","slug":"rohani-iran-busca-una-interaccion-constructiva-con-el-mundo","status":"publish","type":"post","link":"https:\/\/archive.sana.sy\/es\/?p=36800","title":{"rendered":"Rohani: Ir\u00e1n busca una interacci\u00f3n constructiva con el mundo"},"content":{"rendered":"<div><span lang=\"ES-TRAD\" style=\"color: #800000\">Teher\u00e1n, SANA<\/span><\/div>\n<div><span lang=\"ES-TRAD\">\u00a0<\/span><\/div>\n<div><span lang=\"ES-TRAD\">El presidente de la Rep\u00fablica Isl\u00e1mica de Ir\u00e1n, Hasan Rohani, reiter\u00f3 este martes que su pa\u00eds busca una interacci\u00f3n constructiva con el mundo.<\/span><\/div>\n<div><span lang=\"ES-TRAD\">\u00a0<\/span><\/div>\n<div><span lang=\"ES-TRAD\">En un discurso pronunciado en una conferencia sobre el acuerdo nuclear, el mandatario iran\u00ed agradeci\u00f3 al equipo negociador nuclear iran\u00ed en los di\u00e1logos con el Grupo 5+1.<\/span><\/div>\n<div><span lang=\"ES-TRAD\">\u00a0<\/span><\/div>\n<div><span lang=\"ES-TRAD\">El jefe del Ejecutivo iran\u00ed agradeci\u00f3 el firme apoyo del L\u00edder de la Revoluci\u00f3n Isl\u00e1mica de Ir\u00e1n, Seyed Ali Jamenei, y su total confianza hacia el Gobierno y el equipo negociador nuclear que defendieron los intereses de la naci\u00f3n durante todo el proceso de las conversaciones con el Sexteto.<\/span><\/div>\n<div><span lang=\"ES-TRAD\">\u00a0<\/span><\/div>\n<div><span lang=\"ES-TRAD\">Apostill\u00f3 que &#8220;el acuerdo nuclear marc\u00f3 un nuevo comienzo para la econom\u00eda de Ir\u00e1n&#8221;.<\/span><\/div>\n<div><\/div>\n<div>\n<div>\n<span style=\"font-size: medium\"><b><span style=\"color: #0000bf\">Fady M., Hala B.<\/span><\/b><\/span><\/div>\n<\/div>\n<p>&nbsp;<\/p>\n","protected":false},"excerpt":{"rendered":"<p>Teher\u00e1n, SANA \u00a0 El presidente de la Rep\u00fablica Isl\u00e1mica de Ir\u00e1n, Hasan Rohani, reiter\u00f3 este martes que su pa\u00eds busca una interacci\u00f3n constructiva con el mundo. \u00a0 En un discurso pronunciado en una conferencia sobre el acuerdo nuclear, el mandatario iran\u00ed agradeci\u00f3 al equipo negociador nuclear iran\u00ed en los di\u00e1logos con el Grupo 5+1. \u00a0 &hellip;<\/p>\n","protected":false},"author":1,"featured_media":27829,"comment_status":"closed","ping_status":"closed","sticky":false,"template":"","format":"standard","meta":{"footnotes":""},"categories":[597,456,457,576,7541],"tags":[7807],"class_list":["post-36800","post","type-post","status-publish","format-standard","has-post-thumbnail","","category-cinta-de-noticias","category-arabe-internacional-politica","category-noticias-arabe-internacional-politica","category-noticias-politicas","category-ultimas-noticias","tag-rohani-iran-busca-una-interaccion-constructiva-con-el-mundo"],"_links":{"self":[{"href":"https:\/\/archive.sana.sy\/es\/index.php?rest_route=\/wp\/v2\/posts\/36800"}],"collection":[{"href":"https:\/\/archive.sana.sy\/es\/index.php?rest_route=\/wp\/v2\/posts"}],"about":[{"href":"https:\/\/archive.sana.sy\/es\/index.php?rest_route=\/wp\/v2\/types\/post"}],"author":[{"embeddable":true,"href":"https:\/\/archive.sana.sy\/es\/index.php?rest_route=\/wp\/v2\/users\/1"}],"replies":[{"embeddable":true,"href":"https:\/\/archive.sana.sy\/es\/index.php?rest_route=%2Fwp%2Fv2%2Fcomments&post=36800"}],"version-history":[{"count":0,"href":"https:\/\/archive.sana.sy\/es\/index.php?rest_route=\/wp\/v2\/posts\/36800\/revisions"}],"wp:featuredmedia":[{"embeddable":true,"href":"https:\/\/archive.sana.sy\/es\/index.php?rest_route=\/wp\/v2\/media\/27829"}],"wp:attachment":[{"href":"https:\/\/archive.sana.sy\/es\/index.php?rest_route=%2Fwp%2Fv2%2Fmedia&parent=36800"}],"wp:term":[{"taxonomy":"category","embeddable":true,"href":"https:\/\/archive.sana.sy\/es\/index.php?rest_route=%2Fwp%2Fv2%2Fcategories&post=36800"},{"taxonomy":"post_tag","embeddable":true,"href":"https:\/\/archive.sana.sy\/es\/index.php?rest_route=%2Fwp%2Fv2%2Ftags&post=36800"}],"curies":[{"name":"wp","href":"https:\/\/api.w.org\/{rel}","templated":true}]}}