{"id":36803,"date":"2016-01-19T13:03:27","date_gmt":"2016-01-19T11:03:27","guid":{"rendered":"http:\/\/www.sana.sy\/es\/?p=36803"},"modified":"2016-01-19T13:03:27","modified_gmt":"2016-01-19T11:03:27","slug":"lider-irani-saluda-implementacion-del-acuerdo-nuclear","status":"publish","type":"post","link":"https:\/\/archive.sana.sy\/es\/?p=36803","title":{"rendered":"L\u00edder iran\u00ed saluda implementaci\u00f3n del acuerdo nuclear"},"content":{"rendered":"<div>\n<div><span lang=\"ES-TRAD\" style=\"color: #800000\">Teher\u00e1n, SANA<\/span><\/div>\n<div><span lang=\"ES-TRAD\">\u00a0<\/span><\/div>\n<div><span lang=\"ES-TRAD\">El L\u00edder de la Revoluci\u00f3n Isl\u00e1mica de Ir\u00e1n, Ali Jamenei, acogi\u00f3 el levantamiento de las sanciones por parte de Occidente sobre Ir\u00e1n tras la implementaci\u00f3n del acuerdo nuclear.<\/span><\/div>\n<div><span lang=\"ES-TRAD\">\u00a0<\/span><\/div>\n<div><span lang=\"ES-TRAD\">Por medio de una carta enviada al presidente iran\u00ed, Hasan Rohani, Jamenei agradeci\u00f3 los esfuerzos de toda la delegaci\u00f3n negociadora y otras autoridades implicadas por el logro de la implementaci\u00f3n del acuerdo nuclear.<\/span><\/div>\n<div><span lang=\"ES-TRAD\">\u00a0<\/span><\/div>\n<div><span lang=\"ES-TRAD\">En cuanto a la implementaci\u00f3n del Plan Integral de Acci\u00f3n Conjunta, el l\u00edder iran\u00ed dijo que las recientes afirmaciones de algunos pol\u00edticos estadounidenses provocan desconfianza, destacando que la soluci\u00f3n de los problemas econ\u00f3micos del pa\u00eds s\u00f3lo requiere de incesantes y sabios esfuerzos de todos los sectores y en el marco de la econom\u00eda de la resistencia.<\/span><\/div>\n<div><span lang=\"ES-TRAD\">\u00a0<\/span><\/div>\n<div><span lang=\"ES-TRAD\">A este respecto, ha indicado que el levantamiento de las sanciones por s\u00ed mismo no puede ser suficiente para una apertura econ\u00f3mica en el pa\u00eds y el consiguiente mejoramiento del bienestar del pueblo.<\/span><\/div>\n<div><span lang=\"ES-TRAD\">\u00a0<\/span><\/div>\n<div><span lang=\"ES-TRAD\">En cuarto lugar, ha resaltado que esta victoria al frente de la arrogancia y tiran\u00eda es resultado de la resistencia y persistencia: \u201cTodos nosotros hemos de considerarla como una gran lecci\u00f3n para todos los casos y sucesos en la Rep\u00fablica Isl\u00e1mica\u201d.<\/span><\/div>\n<div class=\"yj6qo ajU\">\n<div id=\":yc\" class=\"ajR\"><img decoding=\"async\" class=\"ajT\" src=\"https:\/\/ssl.gstatic.com\/ui\/v1\/icons\/mail\/images\/cleardot.gif\" alt=\"\" \/><\/div>\n<\/div>\n<div dir=\"ltr\"><\/div>\n<\/div>\n<div>\n<div>\n<span style=\"font-size: medium\"><b><span style=\"color: #0000bf\">Fady M., Hala B.<\/span><\/b><\/span><\/div>\n<\/div>\n<p>&nbsp;<\/p>\n","protected":false},"excerpt":{"rendered":"<p>Teher\u00e1n, SANA \u00a0 El L\u00edder de la Revoluci\u00f3n Isl\u00e1mica de Ir\u00e1n, Ali Jamenei, acogi\u00f3 el levantamiento de las sanciones por parte de Occidente sobre Ir\u00e1n tras la implementaci\u00f3n del acuerdo nuclear. \u00a0 Por medio de una carta enviada al presidente iran\u00ed, Hasan Rohani, Jamenei agradeci\u00f3 los esfuerzos de toda la delegaci\u00f3n negociadora y otras autoridades &hellip;<\/p>\n","protected":false},"author":1,"featured_media":36804,"comment_status":"closed","ping_status":"closed","sticky":false,"template":"","format":"standard","meta":{"footnotes":""},"categories":[597,456,457,576],"tags":[7808],"class_list":["post-36803","post","type-post","status-publish","format-standard","has-post-thumbnail","","category-cinta-de-noticias","category-arabe-internacional-politica","category-noticias-arabe-internacional-politica","category-noticias-politicas","tag-lider-irani-saluda-implementacion-del-acuerdo-nuclear"],"_links":{"self":[{"href":"https:\/\/archive.sana.sy\/es\/index.php?rest_route=\/wp\/v2\/posts\/36803"}],"collection":[{"href":"https:\/\/archive.sana.sy\/es\/index.php?rest_route=\/wp\/v2\/posts"}],"about":[{"href":"https:\/\/archive.sana.sy\/es\/index.php?rest_route=\/wp\/v2\/types\/post"}],"author":[{"embeddable":true,"href":"https:\/\/archive.sana.sy\/es\/index.php?rest_route=\/wp\/v2\/users\/1"}],"replies":[{"embeddable":true,"href":"https:\/\/archive.sana.sy\/es\/index.php?rest_route=%2Fwp%2Fv2%2Fcomments&post=36803"}],"version-history":[{"count":0,"href":"https:\/\/archive.sana.sy\/es\/index.php?rest_route=\/wp\/v2\/posts\/36803\/revisions"}],"wp:featuredmedia":[{"embeddable":true,"href":"https:\/\/archive.sana.sy\/es\/index.php?rest_route=\/wp\/v2\/media\/36804"}],"wp:attachment":[{"href":"https:\/\/archive.sana.sy\/es\/index.php?rest_route=%2Fwp%2Fv2%2Fmedia&parent=36803"}],"wp:term":[{"taxonomy":"category","embeddable":true,"href":"https:\/\/archive.sana.sy\/es\/index.php?rest_route=%2Fwp%2Fv2%2Fcategories&post=36803"},{"taxonomy":"post_tag","embeddable":true,"href":"https:\/\/archive.sana.sy\/es\/index.php?rest_route=%2Fwp%2Fv2%2Ftags&post=36803"}],"curies":[{"name":"wp","href":"https:\/\/api.w.org\/{rel}","templated":true}]}}