{"id":36806,"date":"2016-01-19T13:21:52","date_gmt":"2016-01-19T11:21:52","guid":{"rendered":"http:\/\/www.sana.sy\/es\/?p=36806"},"modified":"2016-01-19T13:21:52","modified_gmt":"2016-01-19T11:21:52","slug":"ihsanoglu-seguire-calificando-a-erdogan-como-dictador-mientras-siga-violando-la-constitucion","status":"publish","type":"post","link":"https:\/\/archive.sana.sy\/es\/?p=36806","title":{"rendered":"Ihsanoglu: seguir\u00e9 calificando a Erdogan como dictador mientras siga violando la Constituci\u00f3n"},"content":{"rendered":"<div><span lang=\"ES-TRAD\" style=\"color: #800000\">Ankara, SANA<\/span><\/div>\n<div><span lang=\"ES-TRAD\">\u00a0<\/span><\/div>\n<div><span lang=\"ES-TRAD\">El presidente del Partido Republicano del Pueblo, Kemal Kelihdar Ihsanoglu, se burl\u00f3 del anuncio de la Fiscal\u00eda turca de abrir una investigaci\u00f3n en su contra por cargos de insultar a Recep Erdogan.<\/span><\/div>\n<div><span lang=\"ES-TRAD\">\u00a0<\/span><\/div>\n<div><span lang=\"ES-TRAD\">Ihsanoglu dijo que &#8220;Erdogan se compara con Hitler porque divide al pueblo y quema al pa\u00eds, y es un dictador de nuevo estilo&#8221;<\/span><\/div>\n<div><span lang=\"ES-TRAD\">\u00a0<\/span><\/div>\n<div><span lang=\"ES-TRAD\">Asimismo, indic\u00f3 que &#8220;Turqu\u00eda est\u00e1 siendo gobernada desde hace 13 a\u00f1os con mentiras, y por lo tanto, el gobierno del Partido de Justicia y Desarrollo no soportan escuchar las verdades.&#8221;<\/span><\/div>\n<div><\/div>\n<div>\n<div>\n<span style=\"font-size: medium\"><b><span style=\"color: #0000bf\">Fady M., Hala B.<\/span><\/b><\/span><\/div>\n<\/div>\n<p>&nbsp;<\/p>\n","protected":false},"excerpt":{"rendered":"<p>Ankara, SANA \u00a0 El presidente del Partido Republicano del Pueblo, Kemal Kelihdar Ihsanoglu, se burl\u00f3 del anuncio de la Fiscal\u00eda turca de abrir una investigaci\u00f3n en su contra por cargos de insultar a Recep Erdogan. \u00a0 Ihsanoglu dijo que &#8220;Erdogan se compara con Hitler porque divide al pueblo y quema al pa\u00eds, y es un &hellip;<\/p>\n","protected":false},"author":1,"featured_media":36807,"comment_status":"closed","ping_status":"closed","sticky":false,"template":"","format":"standard","meta":{"footnotes":""},"categories":[597,456,457,576,7541],"tags":[7809],"class_list":["post-36806","post","type-post","status-publish","format-standard","has-post-thumbnail","","category-cinta-de-noticias","category-arabe-internacional-politica","category-noticias-arabe-internacional-politica","category-noticias-politicas","category-ultimas-noticias","tag-ihsanoglu-seguire-calificando-a-erdogan-como-dictador-mientras-siga-violando-la-constitucion"],"_links":{"self":[{"href":"https:\/\/archive.sana.sy\/es\/index.php?rest_route=\/wp\/v2\/posts\/36806"}],"collection":[{"href":"https:\/\/archive.sana.sy\/es\/index.php?rest_route=\/wp\/v2\/posts"}],"about":[{"href":"https:\/\/archive.sana.sy\/es\/index.php?rest_route=\/wp\/v2\/types\/post"}],"author":[{"embeddable":true,"href":"https:\/\/archive.sana.sy\/es\/index.php?rest_route=\/wp\/v2\/users\/1"}],"replies":[{"embeddable":true,"href":"https:\/\/archive.sana.sy\/es\/index.php?rest_route=%2Fwp%2Fv2%2Fcomments&post=36806"}],"version-history":[{"count":0,"href":"https:\/\/archive.sana.sy\/es\/index.php?rest_route=\/wp\/v2\/posts\/36806\/revisions"}],"wp:featuredmedia":[{"embeddable":true,"href":"https:\/\/archive.sana.sy\/es\/index.php?rest_route=\/wp\/v2\/media\/36807"}],"wp:attachment":[{"href":"https:\/\/archive.sana.sy\/es\/index.php?rest_route=%2Fwp%2Fv2%2Fmedia&parent=36806"}],"wp:term":[{"taxonomy":"category","embeddable":true,"href":"https:\/\/archive.sana.sy\/es\/index.php?rest_route=%2Fwp%2Fv2%2Fcategories&post=36806"},{"taxonomy":"post_tag","embeddable":true,"href":"https:\/\/archive.sana.sy\/es\/index.php?rest_route=%2Fwp%2Fv2%2Ftags&post=36806"}],"curies":[{"name":"wp","href":"https:\/\/api.w.org\/{rel}","templated":true}]}}