{"id":36841,"date":"2016-01-19T20:18:45","date_gmt":"2016-01-19T18:18:45","guid":{"rendered":"http:\/\/www.sana.sy\/es\/?p=36841"},"modified":"2016-01-19T20:18:45","modified_gmt":"2016-01-19T18:18:45","slug":"detenido-un-libanes-por-vinculos-con-organizacion-terrorista","status":"publish","type":"post","link":"https:\/\/archive.sana.sy\/es\/?p=36841","title":{"rendered":"Detenido un liban\u00e9s por v\u00ednculos con organizaci\u00f3n terrorista"},"content":{"rendered":"<p style=\"text-align: justify\"><span style=\"color: #800000\">Beirut, SANA<\/span>&#8211; La direcci\u00f3n general de la Seguridad Nacional anunci\u00f3 hoy en un comunicado el arresto de un ciudadano liban\u00e9s acusado de v\u00ednculos con la organizaci\u00f3n terrorista (Daesh).<\/p>\n<p style=\"text-align: justify\">De acuerdo con la agencia libanesa de noticias ANN, la detenci\u00f3n se realiz\u00f3 en la localidad de Fnedek del distrito de Accar al norte del pa\u00eds.<\/p>\n<p style=\"text-align: justify\">Tras finalizar el interrogatorio, el detenido fue puesto a disposici\u00f3n judicial.<\/p>\n<p>M.Miri<\/p>\n","protected":false},"excerpt":{"rendered":"<p>Beirut, SANA&#8211; La direcci\u00f3n general de la Seguridad Nacional anunci\u00f3 hoy en un comunicado el arresto de un ciudadano liban\u00e9s acusado de v\u00ednculos con la organizaci\u00f3n terrorista (Daesh). De acuerdo con la agencia libanesa de noticias ANN, la detenci\u00f3n se realiz\u00f3 en la localidad de Fnedek del distrito de Accar al norte del pa\u00eds. Tras &hellip;<\/p>\n","protected":false},"author":1,"featured_media":36842,"comment_status":"closed","ping_status":"closed","sticky":false,"template":"","format":"standard","meta":{"footnotes":""},"categories":[456,457,7541],"tags":[7811],"class_list":["post-36841","post","type-post","status-publish","format-standard","has-post-thumbnail","","category-arabe-internacional-politica","category-noticias-arabe-internacional-politica","category-ultimas-noticias","tag-detenido-un-libanes-por-vinculos-con-organizacion-terrorista"],"_links":{"self":[{"href":"https:\/\/archive.sana.sy\/es\/index.php?rest_route=\/wp\/v2\/posts\/36841"}],"collection":[{"href":"https:\/\/archive.sana.sy\/es\/index.php?rest_route=\/wp\/v2\/posts"}],"about":[{"href":"https:\/\/archive.sana.sy\/es\/index.php?rest_route=\/wp\/v2\/types\/post"}],"author":[{"embeddable":true,"href":"https:\/\/archive.sana.sy\/es\/index.php?rest_route=\/wp\/v2\/users\/1"}],"replies":[{"embeddable":true,"href":"https:\/\/archive.sana.sy\/es\/index.php?rest_route=%2Fwp%2Fv2%2Fcomments&post=36841"}],"version-history":[{"count":0,"href":"https:\/\/archive.sana.sy\/es\/index.php?rest_route=\/wp\/v2\/posts\/36841\/revisions"}],"wp:featuredmedia":[{"embeddable":true,"href":"https:\/\/archive.sana.sy\/es\/index.php?rest_route=\/wp\/v2\/media\/36842"}],"wp:attachment":[{"href":"https:\/\/archive.sana.sy\/es\/index.php?rest_route=%2Fwp%2Fv2%2Fmedia&parent=36841"}],"wp:term":[{"taxonomy":"category","embeddable":true,"href":"https:\/\/archive.sana.sy\/es\/index.php?rest_route=%2Fwp%2Fv2%2Fcategories&post=36841"},{"taxonomy":"post_tag","embeddable":true,"href":"https:\/\/archive.sana.sy\/es\/index.php?rest_route=%2Fwp%2Fv2%2Ftags&post=36841"}],"curies":[{"name":"wp","href":"https:\/\/api.w.org\/{rel}","templated":true}]}}