{"id":36869,"date":"2016-01-20T20:31:10","date_gmt":"2016-01-20T18:31:10","guid":{"rendered":"http:\/\/www.sana.sy\/es\/?p=36869"},"modified":"2016-01-20T20:34:20","modified_gmt":"2016-01-20T18:34:20","slug":"ejercito-lanza-exitosos-ataques-aereos-y-terrestres-contra-sedes-y-fortificaciones-de-las-bandas-terroristas","status":"publish","type":"post","link":"https:\/\/archive.sana.sy\/es\/?p=36869","title":{"rendered":"Ej\u00e9rcito lanza exitosos ataques a\u00e9reos y terrestres contra sedes y fortificaciones de las bandas terroristas"},"content":{"rendered":"<p style=\"text-align: justify\"><span style=\"color: #800000\">Provincias, SANA<\/span>&#8211; Las Fuerzas Armadas han continuado sus operativos anti-terroristas en los que liquidaron a decenas de integrantes de las organizaciones takfiristas y destruyeron a decenas de sus veh\u00edculos militares y su pertrecho b\u00e9lico.<\/p>\n<p style=\"text-align: justify\"><span style=\"color: #0000ff\">Damasco Rural<\/span><\/p>\n<p style=\"text-align: justify\">De acuerdo con un comunicado emitido por el Ministerio de Interior, unidad de las Fuerzas del Orden del ministerio destruy\u00f3 un feudo de las bandas terroristas en la zona de Harasta en las aproximaciones de al-Gutta Oriental.<\/p>\n<p style=\"text-align: justify\">Seg\u00fan el comunicado, las Fuerzas del Orden seguir\u00e1 trabajando \u201ccodo con codo\u201d con la fuerzas militares en la lucha contra el terrorismo.<\/p>\n<p style=\"text-align: justify\"><span style=\"color: #0000ff\">Darra<\/span><\/p>\n<p style=\"text-align: justify\">En el sur del pa\u00eds, una fuente militar declar\u00f3 que unidades del ej\u00e9rcito destruyeron a un veh\u00edculo de los terroristas en el distrito de Deraa Mahata en la ciudad de Deraa, cabecera de la provincia que lleva el mismo nombre.<\/p>\n<p style=\"text-align: justify\">En la localidad de Sheij Meskin, el ej\u00e9rcito continu\u00f3 sus avances y llev\u00f3 a cabo intensos operativos militares en los que decenas de terroristas fueron abatidos.<\/p>\n<p style=\"text-align: justify\"><span style=\"color: #0000ff\">Alepo<\/span><\/p>\n<p style=\"text-align: justify\">En Alepo, unidades del ej\u00e9rcito destruyeron a siete veh\u00edculos y escondites de las organizaciones terroristas en el distrito de Boustan Basha en la ciudad de Alepo.<\/p>\n<p style=\"text-align: justify\">Por otro lado, una fuente militar inform\u00f3 que las operaciones militares durante las \u00faltimas 24 horas terminaron en la destrucci\u00f3n de tres veh\u00edculos equipados con ametralladoras pesadas, en el poblado de Sbehya.<\/p>\n<p style=\"text-align: justify\">Asimismo, fueron destruidas sedes del Frente Al Nusra&#8221; y de otros grupos que combaten bajo su bandera, en las inmediaciones sure\u00f1as de la ciudad de Alepo.<\/p>\n<p style=\"text-align: justify\"><span style=\"color: #0000ff\">Homs<\/span><\/p>\n<p style=\"text-align: justify\">En la provincia de Homs, las Fuerzas Armadas siguen registrando avances ante las bandas terroristas.<\/p>\n<p style=\"text-align: justify\">Una fuente militar declar\u00f3 que una unidad del Ej\u00e9rcito, en cooperaci\u00f3n con los Grupos de Defensa del Pueblo, controlaron una serie de colinas y montes estrat\u00e9gicos en el campo este de Homs, entre ellos Zaniyat Rashed.<\/p>\n<p style=\"text-align: justify\">Con su control a dichas colinas, las Fuerzas Armadas cortan la ruta de suministro de la organizaci\u00f3n terrorista del Estado Isl\u00e1mico entre las localidades de Maheseh y Qrayaten.<\/p>\n<p style=\"text-align: justify\"><span style=\"color: #0000ff\">Hama<\/span><\/p>\n<p style=\"text-align: justify\">12 terroristas fueron abatidos a manos de unidades militares, adem\u00e1s de la destrucci\u00f3n de un carro blindado en la zona que une las aldeas de Kamb al-Alman y al-Sermaniyah ubicadas en la zona rural noroeste de la urbe, inform\u00f3 una fuente en el terreno.<\/p>\n<p>&nbsp;<\/p>\n<p>Fady M., Hala B., M.Miri.<\/p>\n","protected":false},"excerpt":{"rendered":"<p>Provincias, SANA&#8211; Las Fuerzas Armadas han continuado sus operativos anti-terroristas en los que liquidaron a decenas de integrantes de las organizaciones takfiristas y destruyeron a decenas de sus veh\u00edculos militares y su pertrecho b\u00e9lico. Damasco Rural De acuerdo con un comunicado emitido por el Ministerio de Interior, unidad de las Fuerzas del Orden del ministerio &hellip;<\/p>\n","protected":false},"author":1,"featured_media":36870,"comment_status":"closed","ping_status":"closed","sticky":false,"template":"","format":"standard","meta":{"footnotes":""},"categories":[573,583,7541],"tags":[7818],"class_list":["post-36869","post","type-post","status-publish","format-standard","has-post-thumbnail","","category-la-realidad-de-los-acontecimientos-en-siria","category-slide","category-ultimas-noticias","tag-ejercito-lanza-exitosos-ataques-aereos-y-terrestres-contra-sedes-y-fortificaciones-de-las-bandas-terroristas"],"_links":{"self":[{"href":"https:\/\/archive.sana.sy\/es\/index.php?rest_route=\/wp\/v2\/posts\/36869"}],"collection":[{"href":"https:\/\/archive.sana.sy\/es\/index.php?rest_route=\/wp\/v2\/posts"}],"about":[{"href":"https:\/\/archive.sana.sy\/es\/index.php?rest_route=\/wp\/v2\/types\/post"}],"author":[{"embeddable":true,"href":"https:\/\/archive.sana.sy\/es\/index.php?rest_route=\/wp\/v2\/users\/1"}],"replies":[{"embeddable":true,"href":"https:\/\/archive.sana.sy\/es\/index.php?rest_route=%2Fwp%2Fv2%2Fcomments&post=36869"}],"version-history":[{"count":0,"href":"https:\/\/archive.sana.sy\/es\/index.php?rest_route=\/wp\/v2\/posts\/36869\/revisions"}],"wp:featuredmedia":[{"embeddable":true,"href":"https:\/\/archive.sana.sy\/es\/index.php?rest_route=\/wp\/v2\/media\/36870"}],"wp:attachment":[{"href":"https:\/\/archive.sana.sy\/es\/index.php?rest_route=%2Fwp%2Fv2%2Fmedia&parent=36869"}],"wp:term":[{"taxonomy":"category","embeddable":true,"href":"https:\/\/archive.sana.sy\/es\/index.php?rest_route=%2Fwp%2Fv2%2Fcategories&post=36869"},{"taxonomy":"post_tag","embeddable":true,"href":"https:\/\/archive.sana.sy\/es\/index.php?rest_route=%2Fwp%2Fv2%2Ftags&post=36869"}],"curies":[{"name":"wp","href":"https:\/\/api.w.org\/{rel}","templated":true}]}}