{"id":36885,"date":"2016-01-20T16:29:48","date_gmt":"2016-01-20T14:29:48","guid":{"rendered":"http:\/\/www.sana.sy\/es\/?p=36885"},"modified":"2016-01-20T18:17:50","modified_gmt":"2016-01-20T16:17:50","slug":"concluyen-preparativos-para-el-retorno-de-500-familias-a-sus-hogares-en-el-sur-de-damasco","status":"publish","type":"post","link":"https:\/\/archive.sana.sy\/es\/?p=36885","title":{"rendered":"500 familias retornan a sus hogares en el sur de Damasco"},"content":{"rendered":"<div>\n<p><span style=\"color: #800000\">Damasco, SANA<\/span><\/p>\n<p>Contin\u00faa el proceso de las reconciliaciones nacionales en diferentes zonas del pa\u00eds.<\/p>\n<p>Este mi\u00e9rcoles, alrededor de 500 familias han retornado a sus hogares en el distrito de al Qadam en el sur de Damasco.<\/p>\n<p>El corresponsal de SANA confirm\u00f3\u00a0que 25 autobuses que transportan a centenares de personas entraron en los barrios oeste y este de dicha \u00e1rea despu\u00e9s de que se hayan cumplido todas las medidas necesarias para su regreso.<\/p>\n<p>El retorno de las familias forma parte de la reconciliaci\u00f3n nacional efectuada en este distrito y que permiti\u00f3 el despliegue del Ej\u00e9rcito sirio y la retirada de los grupos terroristas, adem\u00e1s de la entrega del resto de los armados al ej\u00e9rcito.<\/p>\n<p>Por otro lado, se normaliz\u00f3 el estatus legal de unos 170 armados que entregaron sus armas y se comprometieron a no cometer ning\u00fan acto que perjudique la seguridad y la estabilidad de la patria, seg\u00fan confirm\u00f3 el gobernador de Damasco, Besher al-Sabban.<\/p>\n<p>El Gobernador de Damasco quien fue acompa\u00f1ado por el Gobernador de Damasco-campo, Hossein Makhlouf en su gira en Qadam, destac\u00f3 que los talleres empezaron desde el a\u00f1o pasado las obras de rehabilitaci\u00f3n de la infraestructura de dicha \u00e1rea, agregando que el Gobierno sirio instalar\u00e1 un punto de socorro permanente en la misma para repartir canastas con productos alimenticios a las familias que regresaron.<\/p>\n<\/div>\n<p>&nbsp;<\/p>\n<div id='gallery-1' class='gallery galleryid-36885 gallery-columns-3 gallery-size-thumbnail'><figure class='gallery-item'>\n\t\t\t<div class='gallery-icon landscape'>\n\t\t\t\t<a href='https:\/\/archive.sana.sy\/es\/wp-content\/uploads\/2016\/01\/regreso-de-500-familias-a-Qadam-8.jpg'><img loading=\"lazy\" decoding=\"async\" width=\"150\" height=\"87\" src=\"https:\/\/archive.sana.sy\/es\/wp-content\/uploads\/2016\/01\/regreso-de-500-familias-a-Qadam-8-150x87.jpg\" class=\"attachment-thumbnail size-thumbnail\" alt=\"\" srcset=\"https:\/\/archive.sana.sy\/es\/wp-content\/uploads\/2016\/01\/regreso-de-500-familias-a-Qadam-8-150x87.jpg 150w, https:\/\/archive.sana.sy\/es\/wp-content\/uploads\/2016\/01\/regreso-de-500-familias-a-Qadam-8-300x173.jpg 300w, https:\/\/archive.sana.sy\/es\/wp-content\/uploads\/2016\/01\/regreso-de-500-familias-a-Qadam-8-768x444.jpg 768w, https:\/\/archive.sana.sy\/es\/wp-content\/uploads\/2016\/01\/regreso-de-500-familias-a-Qadam-8-1024x592.jpg 1024w\" sizes=\"(max-width: 150px) 100vw, 150px\" \/><\/a>\n\t\t\t<\/div><\/figure><figure class='gallery-item'>\n\t\t\t<div class='gallery-icon landscape'>\n\t\t\t\t<a href='https:\/\/archive.sana.sy\/es\/wp-content\/uploads\/2016\/01\/regreso-de-500-familias-a-Qadam-7.jpg'><img loading=\"lazy\" decoding=\"async\" width=\"150\" height=\"82\" src=\"https:\/\/archive.sana.sy\/es\/wp-content\/uploads\/2016\/01\/regreso-de-500-familias-a-Qadam-7-150x82.jpg\" class=\"attachment-thumbnail size-thumbnail\" alt=\"\" srcset=\"https:\/\/archive.sana.sy\/es\/wp-content\/uploads\/2016\/01\/regreso-de-500-familias-a-Qadam-7-150x82.jpg 150w, https:\/\/archive.sana.sy\/es\/wp-content\/uploads\/2016\/01\/regreso-de-500-familias-a-Qadam-7-300x165.jpg 300w, https:\/\/archive.sana.sy\/es\/wp-content\/uploads\/2016\/01\/regreso-de-500-familias-a-Qadam-7-768x422.jpg 768w, https:\/\/archive.sana.sy\/es\/wp-content\/uploads\/2016\/01\/regreso-de-500-familias-a-Qadam-7-1024x562.jpg 1024w\" sizes=\"(max-width: 150px) 100vw, 150px\" \/><\/a>\n\t\t\t<\/div><\/figure><figure class='gallery-item'>\n\t\t\t<div class='gallery-icon landscape'>\n\t\t\t\t<a href='https:\/\/archive.sana.sy\/es\/wp-content\/uploads\/2016\/01\/regreso-de-500-familias-a-Qadam-6.jpg'><img loading=\"lazy\" decoding=\"async\" width=\"150\" height=\"92\" src=\"https:\/\/archive.sana.sy\/es\/wp-content\/uploads\/2016\/01\/regreso-de-500-familias-a-Qadam-6-150x92.jpg\" class=\"attachment-thumbnail size-thumbnail\" alt=\"\" srcset=\"https:\/\/archive.sana.sy\/es\/wp-content\/uploads\/2016\/01\/regreso-de-500-familias-a-Qadam-6-150x92.jpg 150w, https:\/\/archive.sana.sy\/es\/wp-content\/uploads\/2016\/01\/regreso-de-500-familias-a-Qadam-6-300x184.jpg 300w, https:\/\/archive.sana.sy\/es\/wp-content\/uploads\/2016\/01\/regreso-de-500-familias-a-Qadam-6-768x471.jpg 768w, https:\/\/archive.sana.sy\/es\/wp-content\/uploads\/2016\/01\/regreso-de-500-familias-a-Qadam-6-1024x628.jpg 1024w\" sizes=\"(max-width: 150px) 100vw, 150px\" \/><\/a>\n\t\t\t<\/div><\/figure><figure class='gallery-item'>\n\t\t\t<div class='gallery-icon landscape'>\n\t\t\t\t<a href='https:\/\/archive.sana.sy\/es\/wp-content\/uploads\/2016\/01\/regreso-de-500-familias-a-Qadam-5.jpg'><img loading=\"lazy\" decoding=\"async\" width=\"150\" height=\"84\" src=\"https:\/\/archive.sana.sy\/es\/wp-content\/uploads\/2016\/01\/regreso-de-500-familias-a-Qadam-5-150x84.jpg\" class=\"attachment-thumbnail size-thumbnail\" alt=\"\" srcset=\"https:\/\/archive.sana.sy\/es\/wp-content\/uploads\/2016\/01\/regreso-de-500-familias-a-Qadam-5-150x84.jpg 150w, https:\/\/archive.sana.sy\/es\/wp-content\/uploads\/2016\/01\/regreso-de-500-familias-a-Qadam-5-300x168.jpg 300w, https:\/\/archive.sana.sy\/es\/wp-content\/uploads\/2016\/01\/regreso-de-500-familias-a-Qadam-5.jpg 660w\" sizes=\"(max-width: 150px) 100vw, 150px\" \/><\/a>\n\t\t\t<\/div><\/figure><figure class='gallery-item'>\n\t\t\t<div class='gallery-icon landscape'>\n\t\t\t\t<a href='https:\/\/archive.sana.sy\/es\/wp-content\/uploads\/2016\/01\/regreso-de-500-familias-a-Qadam-5-1.jpg'><img loading=\"lazy\" decoding=\"async\" width=\"150\" height=\"84\" src=\"https:\/\/archive.sana.sy\/es\/wp-content\/uploads\/2016\/01\/regreso-de-500-familias-a-Qadam-5-1-150x84.jpg\" class=\"attachment-thumbnail size-thumbnail\" alt=\"\" srcset=\"https:\/\/archive.sana.sy\/es\/wp-content\/uploads\/2016\/01\/regreso-de-500-familias-a-Qadam-5-1-150x84.jpg 150w, https:\/\/archive.sana.sy\/es\/wp-content\/uploads\/2016\/01\/regreso-de-500-familias-a-Qadam-5-1-300x168.jpg 300w, https:\/\/archive.sana.sy\/es\/wp-content\/uploads\/2016\/01\/regreso-de-500-familias-a-Qadam-5-1.jpg 660w\" sizes=\"(max-width: 150px) 100vw, 150px\" \/><\/a>\n\t\t\t<\/div><\/figure><figure class='gallery-item'>\n\t\t\t<div class='gallery-icon landscape'>\n\t\t\t\t<a href='https:\/\/archive.sana.sy\/es\/wp-content\/uploads\/2016\/01\/regreso-de-500-familias-a-Qadam-3.jpg'><img loading=\"lazy\" decoding=\"async\" width=\"150\" height=\"84\" src=\"https:\/\/archive.sana.sy\/es\/wp-content\/uploads\/2016\/01\/regreso-de-500-familias-a-Qadam-3-150x84.jpg\" class=\"attachment-thumbnail size-thumbnail\" alt=\"\" srcset=\"https:\/\/archive.sana.sy\/es\/wp-content\/uploads\/2016\/01\/regreso-de-500-familias-a-Qadam-3-150x84.jpg 150w, https:\/\/archive.sana.sy\/es\/wp-content\/uploads\/2016\/01\/regreso-de-500-familias-a-Qadam-3-300x168.jpg 300w, https:\/\/archive.sana.sy\/es\/wp-content\/uploads\/2016\/01\/regreso-de-500-familias-a-Qadam-3.jpg 660w\" sizes=\"(max-width: 150px) 100vw, 150px\" \/><\/a>\n\t\t\t<\/div><\/figure><figure class='gallery-item'>\n\t\t\t<div class='gallery-icon landscape'>\n\t\t\t\t<a href='https:\/\/archive.sana.sy\/es\/wp-content\/uploads\/2016\/01\/regreso-de-500-familias-a-Qadam-1.jpg'><img loading=\"lazy\" decoding=\"async\" width=\"150\" height=\"84\" src=\"https:\/\/archive.sana.sy\/es\/wp-content\/uploads\/2016\/01\/regreso-de-500-familias-a-Qadam-1-150x84.jpg\" class=\"attachment-thumbnail size-thumbnail\" alt=\"\" srcset=\"https:\/\/archive.sana.sy\/es\/wp-content\/uploads\/2016\/01\/regreso-de-500-familias-a-Qadam-1-150x84.jpg 150w, https:\/\/archive.sana.sy\/es\/wp-content\/uploads\/2016\/01\/regreso-de-500-familias-a-Qadam-1-300x168.jpg 300w, https:\/\/archive.sana.sy\/es\/wp-content\/uploads\/2016\/01\/regreso-de-500-familias-a-Qadam-1.jpg 660w\" sizes=\"(max-width: 150px) 100vw, 150px\" \/><\/a>\n\t\t\t<\/div><\/figure><figure class='gallery-item'>\n\t\t\t<div class='gallery-icon landscape'>\n\t\t\t\t<a href='https:\/\/archive.sana.sy\/es\/wp-content\/uploads\/2016\/01\/regreso-de-500-familias-a-Qadam-2.jpg'><img loading=\"lazy\" decoding=\"async\" width=\"150\" height=\"84\" src=\"https:\/\/archive.sana.sy\/es\/wp-content\/uploads\/2016\/01\/regreso-de-500-familias-a-Qadam-2-150x84.jpg\" class=\"attachment-thumbnail size-thumbnail\" alt=\"\" srcset=\"https:\/\/archive.sana.sy\/es\/wp-content\/uploads\/2016\/01\/regreso-de-500-familias-a-Qadam-2-150x84.jpg 150w, https:\/\/archive.sana.sy\/es\/wp-content\/uploads\/2016\/01\/regreso-de-500-familias-a-Qadam-2-300x168.jpg 300w, https:\/\/archive.sana.sy\/es\/wp-content\/uploads\/2016\/01\/regreso-de-500-familias-a-Qadam-2.jpg 660w\" sizes=\"(max-width: 150px) 100vw, 150px\" \/><\/a>\n\t\t\t<\/div><\/figure>\n\t\t<\/div>\n\n<p>&nbsp;<\/p>\n<div>\n<p>Fady M., Hala B., Lynn A.<\/p>\n<\/div>\n","protected":false},"excerpt":{"rendered":"<p>Damasco, SANA Contin\u00faa el proceso de las reconciliaciones nacionales en diferentes zonas del pa\u00eds. Este mi\u00e9rcoles, alrededor de 500 familias han retornado a sus hogares en el distrito de al Qadam en el sur de Damasco. El corresponsal de SANA confirm\u00f3\u00a0que 25 autobuses que transportan a centenares de personas entraron en los barrios oeste y &hellip;<\/p>\n","protected":false},"author":1,"featured_media":36920,"comment_status":"closed","ping_status":"closed","sticky":false,"template":"","format":"standard","meta":{"footnotes":""},"categories":[477,597,476,7541],"tags":[7822],"class_list":["post-36885","post","type-post","status-publish","format-standard","has-post-thumbnail","","category-noticias-edulcorantes","category-cinta-de-noticias","category-locales","category-ultimas-noticias","tag-concluyen-preparativos-para-el-retorno-de-500-familias-a-sus-hogares-en-el-sur-de-damasco"],"_links":{"self":[{"href":"https:\/\/archive.sana.sy\/es\/index.php?rest_route=\/wp\/v2\/posts\/36885"}],"collection":[{"href":"https:\/\/archive.sana.sy\/es\/index.php?rest_route=\/wp\/v2\/posts"}],"about":[{"href":"https:\/\/archive.sana.sy\/es\/index.php?rest_route=\/wp\/v2\/types\/post"}],"author":[{"embeddable":true,"href":"https:\/\/archive.sana.sy\/es\/index.php?rest_route=\/wp\/v2\/users\/1"}],"replies":[{"embeddable":true,"href":"https:\/\/archive.sana.sy\/es\/index.php?rest_route=%2Fwp%2Fv2%2Fcomments&post=36885"}],"version-history":[{"count":0,"href":"https:\/\/archive.sana.sy\/es\/index.php?rest_route=\/wp\/v2\/posts\/36885\/revisions"}],"wp:featuredmedia":[{"embeddable":true,"href":"https:\/\/archive.sana.sy\/es\/index.php?rest_route=\/wp\/v2\/media\/36920"}],"wp:attachment":[{"href":"https:\/\/archive.sana.sy\/es\/index.php?rest_route=%2Fwp%2Fv2%2Fmedia&parent=36885"}],"wp:term":[{"taxonomy":"category","embeddable":true,"href":"https:\/\/archive.sana.sy\/es\/index.php?rest_route=%2Fwp%2Fv2%2Fcategories&post=36885"},{"taxonomy":"post_tag","embeddable":true,"href":"https:\/\/archive.sana.sy\/es\/index.php?rest_route=%2Fwp%2Fv2%2Ftags&post=36885"}],"curies":[{"name":"wp","href":"https:\/\/api.w.org\/{rel}","templated":true}]}}