{"id":36906,"date":"2016-01-20T16:52:22","date_gmt":"2016-01-20T14:52:22","guid":{"rendered":"http:\/\/www.sana.sy\/es\/?p=36906"},"modified":"2016-01-20T16:53:01","modified_gmt":"2016-01-20T14:53:01","slug":"terroristas-del-ei-atacan-una-localidad-al-sur-de-alepo-causando-cuatro-muertos","status":"publish","type":"post","link":"https:\/\/archive.sana.sy\/es\/?p=36906","title":{"rendered":"Terroristas del EI atacan una localidad al sur de Alepo causando cuatro muertos"},"content":{"rendered":"<p><span style=\"color: #800000\">Alepo, SANA<\/span><\/p>\n<p>Cuatro personas perdieron la vida este mi\u00e9rcoles en ataques terroristas contra la localidad de al-Sfeira ubicada a 25 km al sureste de la ciudad de Alepo.<\/p>\n<p>Una fuente policial inform\u00f3 que grupos terroristas del Estado Isl\u00e1mico que se despliegan en el pueblo de Balat dispararon varios misiles contra la localidad de al-Sfeira, ocasionando\u00a0la muerte de cuatro personas y dejando cinco heridos, adem\u00e1s de da\u00f1os materiales en las casas de los ciudadanos.<\/p>\n<p>Entre los heridos figura una ni\u00f1a que se encuentran en un estado de salud grave, a\u00f1adi\u00f3 la fuente.<\/p>\n<p>&nbsp;<\/p>\n<p>&nbsp;<\/p>\n<p>Lynn A.<\/p>\n","protected":false},"excerpt":{"rendered":"<p>Alepo, SANA Cuatro personas perdieron la vida este mi\u00e9rcoles en ataques terroristas contra la localidad de al-Sfeira ubicada a 25 km al sureste de la ciudad de Alepo. Una fuente policial inform\u00f3 que grupos terroristas del Estado Isl\u00e1mico que se despliegan en el pueblo de Balat dispararon varios misiles contra la localidad de al-Sfeira, ocasionando\u00a0la &hellip;<\/p>\n","protected":false},"author":24,"featured_media":19243,"comment_status":"closed","ping_status":"closed","sticky":false,"template":"","format":"standard","meta":{"footnotes":""},"categories":[477,597,573,476,7541],"tags":[],"class_list":["post-36906","post","type-post","status-publish","format-standard","has-post-thumbnail","","category-noticias-edulcorantes","category-cinta-de-noticias","category-la-realidad-de-los-acontecimientos-en-siria","category-locales","category-ultimas-noticias"],"_links":{"self":[{"href":"https:\/\/archive.sana.sy\/es\/index.php?rest_route=\/wp\/v2\/posts\/36906"}],"collection":[{"href":"https:\/\/archive.sana.sy\/es\/index.php?rest_route=\/wp\/v2\/posts"}],"about":[{"href":"https:\/\/archive.sana.sy\/es\/index.php?rest_route=\/wp\/v2\/types\/post"}],"author":[{"embeddable":true,"href":"https:\/\/archive.sana.sy\/es\/index.php?rest_route=\/wp\/v2\/users\/24"}],"replies":[{"embeddable":true,"href":"https:\/\/archive.sana.sy\/es\/index.php?rest_route=%2Fwp%2Fv2%2Fcomments&post=36906"}],"version-history":[{"count":0,"href":"https:\/\/archive.sana.sy\/es\/index.php?rest_route=\/wp\/v2\/posts\/36906\/revisions"}],"wp:featuredmedia":[{"embeddable":true,"href":"https:\/\/archive.sana.sy\/es\/index.php?rest_route=\/wp\/v2\/media\/19243"}],"wp:attachment":[{"href":"https:\/\/archive.sana.sy\/es\/index.php?rest_route=%2Fwp%2Fv2%2Fmedia&parent=36906"}],"wp:term":[{"taxonomy":"category","embeddable":true,"href":"https:\/\/archive.sana.sy\/es\/index.php?rest_route=%2Fwp%2Fv2%2Fcategories&post=36906"},{"taxonomy":"post_tag","embeddable":true,"href":"https:\/\/archive.sana.sy\/es\/index.php?rest_route=%2Fwp%2Fv2%2Ftags&post=36906"}],"curies":[{"name":"wp","href":"https:\/\/api.w.org\/{rel}","templated":true}]}}