{"id":36915,"date":"2016-01-20T18:12:17","date_gmt":"2016-01-20T16:12:17","guid":{"rendered":"http:\/\/www.sana.sy\/es\/?p=36915"},"modified":"2016-01-20T18:12:17","modified_gmt":"2016-01-20T16:12:17","slug":"lavrov-rusia-y-eeuu-esperan-el-arranque-de-las-conversaciones-intersirias-durante-el-mes-en-curso","status":"publish","type":"post","link":"https:\/\/archive.sana.sy\/es\/?p=36915","title":{"rendered":"Lavrov: Rusia y EEUU esperan el arranque de las conversaciones intersirias durante el mes en curso"},"content":{"rendered":"<p><span style=\"color: #800000\">Zurich, SANA<\/span><\/p>\n<p>El canciller ruso, Serguei Lavrov sostuvo una rueda de prensa tras su reuni\u00f3n con su hom\u00f3logo estadounidense, John Kerry en la ciudad suiza de Z\u00farich.<\/p>\n<p>El jefe de la diplomacia rusa dijo que Rusia y EEUU apoyan la integridad territorial de todos los pa\u00edses de Oriente Medio, entre ellos Siria.<\/p>\n<p>Asimismo agreg\u00f3 que la lucha contra el terrorismo sigue siendo la cuesti\u00f3n principal a la hora de tratar de dar con una soluci\u00f3n pol\u00edtica de la crisis en Siria.<\/p>\n<p>En este contexto, se\u00f1al\u00f3 que Rusia y EEUU est\u00e1n seguras que las conversaciones entre el Gobierno y la oposici\u00f3n sirios arrancar\u00e1n en el mes en curso, descartando la idea de aplazar la reuni\u00f3n intersiria al pr\u00f3ximo mes de febrero.<\/p>\n<p>&#8220;Esperamos que el proceso pol\u00edtico comience en el futuro pr\u00f3ximo, durante enero. Se barajan distintas fechas, pero la decisi\u00f3n final ser\u00e1 la que tome el secretario general de laONU por recomendaci\u00f3n del representante especial de la ONU para Siria, Staffan de Mistura&#8221;, dijo.<\/p>\n<p>Destac\u00f3 que Rusia y EEUU no participar\u00e1n en dichas conversaciones, enfatizando que su pa\u00eds no dej\u00f3 de considerar \u201cel Ej\u00e9rcito del Islam\u201d y el Movimiento Isl\u00e1mico de \u201cAhrar al-Shaam\u201d como organizaciones terroristas.<\/p>\n<p>Cabe destacar que la reuni\u00f3n Lavrov-Kerry gir\u00f3 en torno de una variedad de temas, entre ellos el tema de la lista de las organizaciones terroristas y la de la oposici\u00f3n siria que acudir\u00e1 a Ginebra para realizar conversaciones con la delegaci\u00f3n del Gobierno sirio.<\/p>\n<p>&nbsp;<br \/>\nLynn A.<\/p>\n","protected":false},"excerpt":{"rendered":"<p>Zurich, SANA El canciller ruso, Serguei Lavrov sostuvo una rueda de prensa tras su reuni\u00f3n con su hom\u00f3logo estadounidense, John Kerry en la ciudad suiza de Z\u00farich. El jefe de la diplomacia rusa dijo que Rusia y EEUU apoyan la integridad territorial de todos los pa\u00edses de Oriente Medio, entre ellos Siria. Asimismo agreg\u00f3 que &hellip;<\/p>\n","protected":false},"author":24,"featured_media":30686,"comment_status":"closed","ping_status":"closed","sticky":false,"template":"","format":"standard","meta":{"footnotes":""},"categories":[597,467,7541],"tags":[],"class_list":["post-36915","post","type-post","status-publish","format-standard","has-post-thumbnail","","category-cinta-de-noticias","category-siria-y-el-mundo","category-ultimas-noticias"],"_links":{"self":[{"href":"https:\/\/archive.sana.sy\/es\/index.php?rest_route=\/wp\/v2\/posts\/36915"}],"collection":[{"href":"https:\/\/archive.sana.sy\/es\/index.php?rest_route=\/wp\/v2\/posts"}],"about":[{"href":"https:\/\/archive.sana.sy\/es\/index.php?rest_route=\/wp\/v2\/types\/post"}],"author":[{"embeddable":true,"href":"https:\/\/archive.sana.sy\/es\/index.php?rest_route=\/wp\/v2\/users\/24"}],"replies":[{"embeddable":true,"href":"https:\/\/archive.sana.sy\/es\/index.php?rest_route=%2Fwp%2Fv2%2Fcomments&post=36915"}],"version-history":[{"count":0,"href":"https:\/\/archive.sana.sy\/es\/index.php?rest_route=\/wp\/v2\/posts\/36915\/revisions"}],"wp:featuredmedia":[{"embeddable":true,"href":"https:\/\/archive.sana.sy\/es\/index.php?rest_route=\/wp\/v2\/media\/30686"}],"wp:attachment":[{"href":"https:\/\/archive.sana.sy\/es\/index.php?rest_route=%2Fwp%2Fv2%2Fmedia&parent=36915"}],"wp:term":[{"taxonomy":"category","embeddable":true,"href":"https:\/\/archive.sana.sy\/es\/index.php?rest_route=%2Fwp%2Fv2%2Fcategories&post=36915"},{"taxonomy":"post_tag","embeddable":true,"href":"https:\/\/archive.sana.sy\/es\/index.php?rest_route=%2Fwp%2Fv2%2Ftags&post=36915"}],"curies":[{"name":"wp","href":"https:\/\/api.w.org\/{rel}","templated":true}]}}