{"id":36940,"date":"2016-01-20T21:03:01","date_gmt":"2016-01-20T19:03:01","guid":{"rendered":"http:\/\/www.sana.sy\/es\/?p=36940"},"modified":"2016-01-20T21:03:01","modified_gmt":"2016-01-20T19:03:01","slug":"detenidos-3-marroquies-por-vinculos-con-la-organizacion-terrorista-daesh","status":"publish","type":"post","link":"https:\/\/archive.sana.sy\/es\/?p=36940","title":{"rendered":"Detenidos 3 marroqu\u00edes por v\u00ednculos con la organizaci\u00f3n terrorista (Daesh)"},"content":{"rendered":"<p style=\"text-align: justify\"><span style=\"color: #800000\">Rabat \u2013SANA<\/span>&#8211; Las autoridades marroqu\u00edes anunciaron el mi\u00e9rcoles el arresto de tres personas en la ciudad norte\u00f1a de T\u00e1nger por lazos con la organizaci\u00f3n terrorista (Daesh) y planear operaciones de asalto con el fin de financiar su plan de incorporaci\u00f3n en las del grupo terrorista.<\/p>\n<p style=\"text-align: justify\">De acuerdo con un comunicado emitido por el Ministerio de Interior Marroqu\u00ed, los detenidos mantienen relaciones con terroristas marroqu\u00edes que se encuentran luchando en Siria e Iraq, indicando que tras finalizar el interrogatorio, los detenidos fueron puestos a disposici\u00f3n judicial.<\/p>\n<p style=\"text-align: justify\">En el mismo contexto, el Ministerio de Interior Marroqu\u00ed anunci\u00f3 el lunes pasado del arresto de un terrorista que manten\u00eda relaciones directas con Abudl al-Hamid Abaud acusado de planear los antenados de Par\u00eds.<\/p>\n<p>M.Miri<\/p>\n","protected":false},"excerpt":{"rendered":"<p>Rabat \u2013SANA&#8211; Las autoridades marroqu\u00edes anunciaron el mi\u00e9rcoles el arresto de tres personas en la ciudad norte\u00f1a de T\u00e1nger por lazos con la organizaci\u00f3n terrorista (Daesh) y planear operaciones de asalto con el fin de financiar su plan de incorporaci\u00f3n en las del grupo terrorista. De acuerdo con un comunicado emitido por el Ministerio de &hellip;<\/p>\n","protected":false},"author":1,"featured_media":36941,"comment_status":"closed","ping_status":"closed","sticky":false,"template":"","format":"standard","meta":{"footnotes":""},"categories":[456,457,7541],"tags":[7824],"class_list":["post-36940","post","type-post","status-publish","format-standard","has-post-thumbnail","","category-arabe-internacional-politica","category-noticias-arabe-internacional-politica","category-ultimas-noticias","tag-detenidos-3-marroquies-por-vinculos-con-la-organizacion-terrorista-daesh"],"_links":{"self":[{"href":"https:\/\/archive.sana.sy\/es\/index.php?rest_route=\/wp\/v2\/posts\/36940"}],"collection":[{"href":"https:\/\/archive.sana.sy\/es\/index.php?rest_route=\/wp\/v2\/posts"}],"about":[{"href":"https:\/\/archive.sana.sy\/es\/index.php?rest_route=\/wp\/v2\/types\/post"}],"author":[{"embeddable":true,"href":"https:\/\/archive.sana.sy\/es\/index.php?rest_route=\/wp\/v2\/users\/1"}],"replies":[{"embeddable":true,"href":"https:\/\/archive.sana.sy\/es\/index.php?rest_route=%2Fwp%2Fv2%2Fcomments&post=36940"}],"version-history":[{"count":0,"href":"https:\/\/archive.sana.sy\/es\/index.php?rest_route=\/wp\/v2\/posts\/36940\/revisions"}],"wp:featuredmedia":[{"embeddable":true,"href":"https:\/\/archive.sana.sy\/es\/index.php?rest_route=\/wp\/v2\/media\/36941"}],"wp:attachment":[{"href":"https:\/\/archive.sana.sy\/es\/index.php?rest_route=%2Fwp%2Fv2%2Fmedia&parent=36940"}],"wp:term":[{"taxonomy":"category","embeddable":true,"href":"https:\/\/archive.sana.sy\/es\/index.php?rest_route=%2Fwp%2Fv2%2Fcategories&post=36940"},{"taxonomy":"post_tag","embeddable":true,"href":"https:\/\/archive.sana.sy\/es\/index.php?rest_route=%2Fwp%2Fv2%2Ftags&post=36940"}],"curies":[{"name":"wp","href":"https:\/\/api.w.org\/{rel}","templated":true}]}}