{"id":36943,"date":"2016-01-20T21:47:05","date_gmt":"2016-01-20T19:47:05","guid":{"rendered":"http:\/\/www.sana.sy\/es\/?p=36943"},"modified":"2016-01-20T21:47:05","modified_gmt":"2016-01-20T19:47:05","slug":"los-terroristas-intentan-aprovechar-la-situacion-en-el-pais-segun-la-defensa-tunecina","status":"publish","type":"post","link":"https:\/\/archive.sana.sy\/es\/?p=36943","title":{"rendered":"Los terroristas intentan aprovechar la situaci\u00f3n en el pa\u00eds, seg\u00fan la Defensa Tunecina"},"content":{"rendered":"<p style=\"text-align: justify\"><span style=\"color: #800000\">T\u00fanez, SANA<\/span>&#8211; El portavoz del Ministerio de Defensa de T\u00fanez anunci\u00f3 que las unidades del ej\u00e9rcito nacional observaron movimientos sospechosos en las monta\u00f1as cercanas de las ciudad de Kasserine y Sidi Bouzid.<\/p>\n<p style=\"text-align: justify\">\u201cLa aviaci\u00f3n militar tunecina realiz\u00f3 una serie de incursiones en aquellas monta\u00f1as contra posibles posiciones terroristas, as\u00ed como el Ministro de Defensa reforz\u00f3 la existencia militar en las entradas de las dos ciudades antes mencionadas como una mediad de prevenci\u00f3n ante cualquier intento por parte de los terroristas que a su vez tratan de aprovechar la situaci\u00f3n que vive el pa\u00eds actualmente, con el fin de llevar a cabo acotos terroristas en el pa\u00eds,\u201d dijo el portavoz militar.<\/p>\n<p style=\"text-align: justify\">Cabe se\u00f1alar que, varias provincias tunecinas, sobre todo la ciudad de Kasserine, viven una situaci\u00f3n de tensi\u00f3n desde unos d\u00edas tras la muerte de un empleado, tras la ola de protestas que vive la ciudad.<\/p>\n<p>M.Miri<\/p>\n","protected":false},"excerpt":{"rendered":"<p>T\u00fanez, SANA&#8211; El portavoz del Ministerio de Defensa de T\u00fanez anunci\u00f3 que las unidades del ej\u00e9rcito nacional observaron movimientos sospechosos en las monta\u00f1as cercanas de las ciudad de Kasserine y Sidi Bouzid. \u201cLa aviaci\u00f3n militar tunecina realiz\u00f3 una serie de incursiones en aquellas monta\u00f1as contra posibles posiciones terroristas, as\u00ed como el Ministro de Defensa reforz\u00f3 &hellip;<\/p>\n","protected":false},"author":1,"featured_media":19138,"comment_status":"closed","ping_status":"closed","sticky":false,"template":"","format":"standard","meta":{"footnotes":""},"categories":[456,457,7541],"tags":[7825,7826],"class_list":["post-36943","post","type-post","status-publish","format-standard","has-post-thumbnail","","category-arabe-internacional-politica","category-noticias-arabe-internacional-politica","category-ultimas-noticias","tag-los-terroristas-intentan-aprovechar-la-situacion-en-el-pais","tag-segun-la-defensa-tunecina"],"_links":{"self":[{"href":"https:\/\/archive.sana.sy\/es\/index.php?rest_route=\/wp\/v2\/posts\/36943"}],"collection":[{"href":"https:\/\/archive.sana.sy\/es\/index.php?rest_route=\/wp\/v2\/posts"}],"about":[{"href":"https:\/\/archive.sana.sy\/es\/index.php?rest_route=\/wp\/v2\/types\/post"}],"author":[{"embeddable":true,"href":"https:\/\/archive.sana.sy\/es\/index.php?rest_route=\/wp\/v2\/users\/1"}],"replies":[{"embeddable":true,"href":"https:\/\/archive.sana.sy\/es\/index.php?rest_route=%2Fwp%2Fv2%2Fcomments&post=36943"}],"version-history":[{"count":0,"href":"https:\/\/archive.sana.sy\/es\/index.php?rest_route=\/wp\/v2\/posts\/36943\/revisions"}],"wp:featuredmedia":[{"embeddable":true,"href":"https:\/\/archive.sana.sy\/es\/index.php?rest_route=\/wp\/v2\/media\/19138"}],"wp:attachment":[{"href":"https:\/\/archive.sana.sy\/es\/index.php?rest_route=%2Fwp%2Fv2%2Fmedia&parent=36943"}],"wp:term":[{"taxonomy":"category","embeddable":true,"href":"https:\/\/archive.sana.sy\/es\/index.php?rest_route=%2Fwp%2Fv2%2Fcategories&post=36943"},{"taxonomy":"post_tag","embeddable":true,"href":"https:\/\/archive.sana.sy\/es\/index.php?rest_route=%2Fwp%2Fv2%2Ftags&post=36943"}],"curies":[{"name":"wp","href":"https:\/\/api.w.org\/{rel}","templated":true}]}}