{"id":36945,"date":"2016-01-20T22:57:15","date_gmt":"2016-01-20T20:57:15","guid":{"rendered":"http:\/\/www.sana.sy\/es\/?p=36945"},"modified":"2016-01-20T22:57:15","modified_gmt":"2016-01-20T20:57:15","slug":"cancilleria-rusa-bogdanov-y-abdullahina-debatieron-la-situacion-en-siria","status":"publish","type":"post","link":"https:\/\/archive.sana.sy\/es\/?p=36945","title":{"rendered":"Canciller\u00eda rusa: Bogdanov y Abdullahina debatieron la situaci\u00f3n en Siria"},"content":{"rendered":"<p style=\"text-align: justify\">Mosc\u00fa, SANA- El vicecanciller ruso, Mijael Bogdanov examin\u00f3 hoy el martes durante una conversaci\u00f3n telef\u00f3nica con su hom\u00f3logo iran\u00ed, Hossein Emir Abdullahian la fase preparatoria de las conversaciones intersirias que se celebraran en Ginebra.<\/p>\n<p style=\"text-align: justify\">Seg\u00fan la agencia de noticias \u00a8 sputniknews\u00a8 ambas partes se han intercambiado las opiniones relativas a la organizaci\u00f3n de las negociaciones entre representantes del gobierno sirio y de la oposici\u00f3n, en conformidad las resoluciones del Grupo Internacional de Apoyo a Siria (GIAS) y del Consejo de Seguridad N-2254.<\/p>\n<p style=\"text-align: justify\">En el mismo contexto, las dos partes abordaron tambi\u00e9n la situaci\u00f3n en Yemen, y los problemas en las relaciones saud\u00ed-iran\u00edes.<\/p>\n<p>M.Miri<\/p>\n","protected":false},"excerpt":{"rendered":"<p>Mosc\u00fa, SANA- El vicecanciller ruso, Mijael Bogdanov examin\u00f3 hoy el martes durante una conversaci\u00f3n telef\u00f3nica con su hom\u00f3logo iran\u00ed, Hossein Emir Abdullahian la fase preparatoria de las conversaciones intersirias que se celebraran en Ginebra. Seg\u00fan la agencia de noticias \u00a8 sputniknews\u00a8 ambas partes se han intercambiado las opiniones relativas a la organizaci\u00f3n de las negociaciones &hellip;<\/p>\n","protected":false},"author":1,"featured_media":36946,"comment_status":"closed","ping_status":"closed","sticky":false,"template":"","format":"standard","meta":{"footnotes":""},"categories":[467,7541],"tags":[7827],"class_list":["post-36945","post","type-post","status-publish","format-standard","has-post-thumbnail","","category-siria-y-el-mundo","category-ultimas-noticias","tag-cancilleria-rusa-bogdanov-y-abdullahina-debatieron-la-situacion-en-siria"],"_links":{"self":[{"href":"https:\/\/archive.sana.sy\/es\/index.php?rest_route=\/wp\/v2\/posts\/36945"}],"collection":[{"href":"https:\/\/archive.sana.sy\/es\/index.php?rest_route=\/wp\/v2\/posts"}],"about":[{"href":"https:\/\/archive.sana.sy\/es\/index.php?rest_route=\/wp\/v2\/types\/post"}],"author":[{"embeddable":true,"href":"https:\/\/archive.sana.sy\/es\/index.php?rest_route=\/wp\/v2\/users\/1"}],"replies":[{"embeddable":true,"href":"https:\/\/archive.sana.sy\/es\/index.php?rest_route=%2Fwp%2Fv2%2Fcomments&post=36945"}],"version-history":[{"count":0,"href":"https:\/\/archive.sana.sy\/es\/index.php?rest_route=\/wp\/v2\/posts\/36945\/revisions"}],"wp:featuredmedia":[{"embeddable":true,"href":"https:\/\/archive.sana.sy\/es\/index.php?rest_route=\/wp\/v2\/media\/36946"}],"wp:attachment":[{"href":"https:\/\/archive.sana.sy\/es\/index.php?rest_route=%2Fwp%2Fv2%2Fmedia&parent=36945"}],"wp:term":[{"taxonomy":"category","embeddable":true,"href":"https:\/\/archive.sana.sy\/es\/index.php?rest_route=%2Fwp%2Fv2%2Fcategories&post=36945"},{"taxonomy":"post_tag","embeddable":true,"href":"https:\/\/archive.sana.sy\/es\/index.php?rest_route=%2Fwp%2Fv2%2Ftags&post=36945"}],"curies":[{"name":"wp","href":"https:\/\/api.w.org\/{rel}","templated":true}]}}