{"id":36952,"date":"2016-01-21T11:31:54","date_gmt":"2016-01-21T09:31:54","guid":{"rendered":"http:\/\/www.sana.sy\/es\/?p=36952"},"modified":"2016-01-21T11:31:54","modified_gmt":"2016-01-21T09:31:54","slug":"facebook-cierra-la-pagina-de-la-agencia-arabe-siria-de-noticias-sana","status":"publish","type":"post","link":"https:\/\/archive.sana.sy\/es\/?p=36952","title":{"rendered":"Facebook cierra la p\u00e1gina de la Agencia \u00c1rabe Siria de Noticias &#8220;SANA&#8221;"},"content":{"rendered":"<p><span style=\"color: #800000\">Damasco, SANA<\/span><\/p>\n<p>La administraci\u00f3n de la red social &#8220;Facebook&#8221; cerr\u00f3 la p\u00e1gina de la Agencia \u00c1rabe Siria de Noticias &#8220;SANA&#8221;.<\/p>\n<p>Una fuente en Sana inform\u00f3 que fueron en vano todos los intentos del personal t\u00e9cnico de la agencia para comunicarse con la administraci\u00f3n del &#8220;Facebook&#8221; para entender las razones del cierre de la p\u00e1gina.<\/p>\n<p>La fuente dijo que partiendo del inter\u00e9s de SANA en seguir comunic\u00e1ndose con sus seguidores e interactuar con ellos en el sitio del &#8220;Facebook&#8221;, se cre\u00f3 una nueva p\u00e1gina:<br \/>\nhttps:\/\/www.facebook.com\/syrianarabnewsagency\/<\/p>\n<p>Cabe resaltar que el Facebook cerr\u00f3 las p\u00e1ginas de varios medios de comunicaci\u00f3n sirios y \u00e1rabes conocidos por el apoyo a Siria en su guerra contra el terrorismo, de los cuales mencionamos: el canal liban\u00e9s &#8220;al Mayadeen&#8221;, el canal sirio independiente &#8220;SAMA&#8221;, el canal noticioso sirio &#8220;al Ikhbarieh&#8221;, la p\u00e1gina de la Presidencia Siria, el canal privado sirio &#8220;Sham FM&#8221;, adem\u00e1s de otras varias p\u00e1ginas.<\/p>\n<p><span style=\"color: #0000ff\">Fady M.,Hala B.<\/span><\/p>\n","protected":false},"excerpt":{"rendered":"<p>Damasco, SANA La administraci\u00f3n de la red social &#8220;Facebook&#8221; cerr\u00f3 la p\u00e1gina de la Agencia \u00c1rabe Siria de Noticias &#8220;SANA&#8221;. Una fuente en Sana inform\u00f3 que fueron en vano todos los intentos del personal t\u00e9cnico de la agencia para comunicarse con la administraci\u00f3n del &#8220;Facebook&#8221; para entender las razones del cierre de la p\u00e1gina. La &hellip;<\/p>\n","protected":false},"author":1,"featured_media":36953,"comment_status":"closed","ping_status":"closed","sticky":false,"template":"","format":"standard","meta":{"footnotes":""},"categories":[597,476,576,583,7541],"tags":[7829],"class_list":["post-36952","post","type-post","status-publish","format-standard","has-post-thumbnail","","category-cinta-de-noticias","category-locales","category-noticias-politicas","category-slide","category-ultimas-noticias","tag-facebook-cierra-la-pagina-de-la-agencia-arabe-siria-de-noticias-sana"],"_links":{"self":[{"href":"https:\/\/archive.sana.sy\/es\/index.php?rest_route=\/wp\/v2\/posts\/36952"}],"collection":[{"href":"https:\/\/archive.sana.sy\/es\/index.php?rest_route=\/wp\/v2\/posts"}],"about":[{"href":"https:\/\/archive.sana.sy\/es\/index.php?rest_route=\/wp\/v2\/types\/post"}],"author":[{"embeddable":true,"href":"https:\/\/archive.sana.sy\/es\/index.php?rest_route=\/wp\/v2\/users\/1"}],"replies":[{"embeddable":true,"href":"https:\/\/archive.sana.sy\/es\/index.php?rest_route=%2Fwp%2Fv2%2Fcomments&post=36952"}],"version-history":[{"count":0,"href":"https:\/\/archive.sana.sy\/es\/index.php?rest_route=\/wp\/v2\/posts\/36952\/revisions"}],"wp:featuredmedia":[{"embeddable":true,"href":"https:\/\/archive.sana.sy\/es\/index.php?rest_route=\/wp\/v2\/media\/36953"}],"wp:attachment":[{"href":"https:\/\/archive.sana.sy\/es\/index.php?rest_route=%2Fwp%2Fv2%2Fmedia&parent=36952"}],"wp:term":[{"taxonomy":"category","embeddable":true,"href":"https:\/\/archive.sana.sy\/es\/index.php?rest_route=%2Fwp%2Fv2%2Fcategories&post=36952"},{"taxonomy":"post_tag","embeddable":true,"href":"https:\/\/archive.sana.sy\/es\/index.php?rest_route=%2Fwp%2Fv2%2Ftags&post=36952"}],"curies":[{"name":"wp","href":"https:\/\/api.w.org\/{rel}","templated":true}]}}