{"id":36971,"date":"2016-01-21T16:30:45","date_gmt":"2016-01-21T14:30:45","guid":{"rendered":"http:\/\/www.sana.sy\/es\/?p=36971"},"modified":"2016-01-21T19:26:30","modified_gmt":"2016-01-21T17:26:30","slug":"moallem-destaca-necesidad-de-no-politizar-el-tema-humanitario","status":"publish","type":"post","link":"https:\/\/archive.sana.sy\/es\/?p=36971","title":{"rendered":"Moallem destaca necesidad de no politizar el tema humanitario"},"content":{"rendered":"<p><span style=\"color: #800000\">Damasco, SANA<\/span><\/p>\n<p>El Viceprimer ministro y ministro de Exteriores y Expatriados, Walid al Moallem, se reuni\u00f3 este jueves con el Alto Comisionado de las Naciones Unidas para los Refugiados, Filippo Grandi.<\/p>\n<p>El canciller sirio reiter\u00f3 la disposici\u00f3n y el inter\u00e9s del gobierno sirio de garantizar las condiciones de vida tanto a sus ciudadanos como a los desplazados.<\/p>\n<p>Asimismo, enfatiz\u00f3 en la colaboraci\u00f3n con las Naciones Unidas y con las organizaciones que trabajan seriamente en la proporci\u00f3n de la asistencia en el \u00e1mbito humanitario y satisfacer las necesidades humanitarias en coordinaci\u00f3n con la Media Luna Roja \u00c1rabe Siria.<\/p>\n<p>En este sentido, reafirm\u00f3 la necesidad de no politizar la ayuda ya que eso llevar\u00eda a deteriorar la situaci\u00f3n de los refugiados y servir a agendas pol\u00edticas ajenas de los asuntos humanitarios.<\/p>\n<p>El jefe de la diplomacia siria explic\u00f3 que el gobierno y el pueblo de Siria se enfrentan a una fat\u00eddica batalla contra el terrorismo y sus partidarios que atacan al pueblo sirio y sabotean su infraestructura y los logros c\u00edvicos de Siria.<\/p>\n<p>Por su parte, Grandi dijo que el Comisionado es consciente de las dificultades que se interponen el desempe\u00f1o de sus tareas y est\u00e1 trabajando para equilibrar las cuestiones de refugio y las brechas entre los recursos disponibles y las necesidades humanitarias.<\/p>\n<p>Asimismo, apreci\u00f3 la cooperaci\u00f3n del gobierno sirio en el campo de la asistencia a los refugiados y las personas desplazadas a la luz del creciente n\u00famero de estos y el empeoramiento de sus condiciones de vida.<\/p>\n<p><span style=\"color: #0000ff\">Vicecanciller se re\u00fane con el Alto Comisionado de las Naciones Unidas para los Refugiados<\/span><\/p>\n<p>Por otro lado, el Viceministro de Exteriores y Emigrantes, Faisal al Mikdad, se reuni\u00f3 con el Alto Comisionado de las Naciones Unidas para los Refugiados.<\/p>\n<p>En la reuni\u00f3n, se abordaron las relaciones bilaterales entre Siria y el Comisionado. En este sentido, Mekdad expres\u00f3 su satisfacci\u00f3n por las relaciones y la cooperaci\u00f3n entre las dos partes.<\/p>\n<p>El vicecanciller sirio hizo hincapi\u00e9 en la importancia de no politizar los aspectos relacionados con los desplazados y refugiados, y reiter\u00f3 la disposici\u00f3n de Siria de acoger el regreso de sus ciudadanos y proporcionar las condiciones necesarias para que puedan vivir una vida digna.<\/p>\n<p>Por su parte, Grandi reiter\u00f3 la disposici\u00f3n del Alto Comisionado para los Refugiados a continuar la cooperaci\u00f3n con el gobierno sirio en todos los niveles para proporcionar mejores condiciones de vida para los refugiados y desplazados.<\/p>\n<p>&nbsp;<\/p>\n<p>El Alto Comisionado de las Naciones Unidas para los Refugiados hab\u00eda iniciado este jueves una visita a Siria que es la primera de su tipo desde que comenz\u00f3 la crisis siria.<\/p>\n<p>&nbsp;<br \/>\nFady M., Lynn A.<\/p>\n","protected":false},"excerpt":{"rendered":"<p>Damasco, SANA El Viceprimer ministro y ministro de Exteriores y Expatriados, Walid al Moallem, se reuni\u00f3 este jueves con el Alto Comisionado de las Naciones Unidas para los Refugiados, Filippo Grandi. El canciller sirio reiter\u00f3 la disposici\u00f3n y el inter\u00e9s del gobierno sirio de garantizar las condiciones de vida tanto a sus ciudadanos como a &hellip;<\/p>\n","protected":false},"author":24,"featured_media":36972,"comment_status":"closed","ping_status":"closed","sticky":false,"template":"","format":"standard","meta":{"footnotes":""},"categories":[477,597,476,583,7541],"tags":[],"class_list":["post-36971","post","type-post","status-publish","format-standard","has-post-thumbnail","","category-noticias-edulcorantes","category-cinta-de-noticias","category-locales","category-slide","category-ultimas-noticias"],"_links":{"self":[{"href":"https:\/\/archive.sana.sy\/es\/index.php?rest_route=\/wp\/v2\/posts\/36971"}],"collection":[{"href":"https:\/\/archive.sana.sy\/es\/index.php?rest_route=\/wp\/v2\/posts"}],"about":[{"href":"https:\/\/archive.sana.sy\/es\/index.php?rest_route=\/wp\/v2\/types\/post"}],"author":[{"embeddable":true,"href":"https:\/\/archive.sana.sy\/es\/index.php?rest_route=\/wp\/v2\/users\/24"}],"replies":[{"embeddable":true,"href":"https:\/\/archive.sana.sy\/es\/index.php?rest_route=%2Fwp%2Fv2%2Fcomments&post=36971"}],"version-history":[{"count":0,"href":"https:\/\/archive.sana.sy\/es\/index.php?rest_route=\/wp\/v2\/posts\/36971\/revisions"}],"wp:featuredmedia":[{"embeddable":true,"href":"https:\/\/archive.sana.sy\/es\/index.php?rest_route=\/wp\/v2\/media\/36972"}],"wp:attachment":[{"href":"https:\/\/archive.sana.sy\/es\/index.php?rest_route=%2Fwp%2Fv2%2Fmedia&parent=36971"}],"wp:term":[{"taxonomy":"category","embeddable":true,"href":"https:\/\/archive.sana.sy\/es\/index.php?rest_route=%2Fwp%2Fv2%2Fcategories&post=36971"},{"taxonomy":"post_tag","embeddable":true,"href":"https:\/\/archive.sana.sy\/es\/index.php?rest_route=%2Fwp%2Fv2%2Ftags&post=36971"}],"curies":[{"name":"wp","href":"https:\/\/api.w.org\/{rel}","templated":true}]}}