{"id":36975,"date":"2016-01-21T14:32:17","date_gmt":"2016-01-21T12:32:17","guid":{"rendered":"http:\/\/www.sana.sy\/es\/?p=36975"},"modified":"2016-01-21T17:32:01","modified_gmt":"2016-01-21T15:32:01","slug":"zarif-determinar-los-nombres-de-la-delegacion-de-la-oposicion-siria-depende-de-la-onu","status":"publish","type":"post","link":"https:\/\/archive.sana.sy\/es\/?p=36975","title":{"rendered":"Zarif: determinar los nombres de la delegaci\u00f3n de la oposici\u00f3n siria depende de la ONU"},"content":{"rendered":"<p><span style=\"color: #800000\">Davos, SANA<\/span><\/p>\n<p>El ministro de Exteriores iran\u00ed, Mohammad Javad Zarif, subray\u00f3 que la tarea de determinar los nombres de la delegaci\u00f3n de la oposici\u00f3n siria a las conversaciones programadas en Ginebra es asunto del enviado especial de las Naciones Unidas a Siria, Staffan de Mistura, y no es del ministro de Exteriores del r\u00e9gimen saud\u00ed.<\/p>\n<p>En una conferencia de prensa al margen del Foro Econ\u00f3mico Mundial en Davos, Zarif dijo que la delegaci\u00f3n de la oposici\u00f3n siria no debe incluir a representantes de las organizaciones terroristas, se\u00f1alando que 10 miembros asociados a los terroristas de al Qaeda asistieron a la reuni\u00f3n de la oposici\u00f3n en Riad el mes pasado.<\/p>\n<p>Zarif subray\u00f3 que no existe una soluci\u00f3n militar a la crisis en Siria, se\u00f1alando que no es l\u00f3gico establecer condiciones previas o poner resultados inesperados antes del inicio de las conversaciones.<\/p>\n<p>&nbsp;<\/p>\n<p>&nbsp;<\/p>\n<p>Fady M., Lynn A.<\/p>\n","protected":false},"excerpt":{"rendered":"<p>Davos, SANA El ministro de Exteriores iran\u00ed, Mohammad Javad Zarif, subray\u00f3 que la tarea de determinar los nombres de la delegaci\u00f3n de la oposici\u00f3n siria a las conversaciones programadas en Ginebra es asunto del enviado especial de las Naciones Unidas a Siria, Staffan de Mistura, y no es del ministro de Exteriores del r\u00e9gimen saud\u00ed. &hellip;<\/p>\n","protected":false},"author":24,"featured_media":36792,"comment_status":"closed","ping_status":"closed","sticky":false,"template":"","format":"standard","meta":{"footnotes":""},"categories":[597,467,7541],"tags":[],"class_list":["post-36975","post","type-post","status-publish","format-standard","has-post-thumbnail","","category-cinta-de-noticias","category-siria-y-el-mundo","category-ultimas-noticias"],"_links":{"self":[{"href":"https:\/\/archive.sana.sy\/es\/index.php?rest_route=\/wp\/v2\/posts\/36975"}],"collection":[{"href":"https:\/\/archive.sana.sy\/es\/index.php?rest_route=\/wp\/v2\/posts"}],"about":[{"href":"https:\/\/archive.sana.sy\/es\/index.php?rest_route=\/wp\/v2\/types\/post"}],"author":[{"embeddable":true,"href":"https:\/\/archive.sana.sy\/es\/index.php?rest_route=\/wp\/v2\/users\/24"}],"replies":[{"embeddable":true,"href":"https:\/\/archive.sana.sy\/es\/index.php?rest_route=%2Fwp%2Fv2%2Fcomments&post=36975"}],"version-history":[{"count":0,"href":"https:\/\/archive.sana.sy\/es\/index.php?rest_route=\/wp\/v2\/posts\/36975\/revisions"}],"wp:featuredmedia":[{"embeddable":true,"href":"https:\/\/archive.sana.sy\/es\/index.php?rest_route=\/wp\/v2\/media\/36792"}],"wp:attachment":[{"href":"https:\/\/archive.sana.sy\/es\/index.php?rest_route=%2Fwp%2Fv2%2Fmedia&parent=36975"}],"wp:term":[{"taxonomy":"category","embeddable":true,"href":"https:\/\/archive.sana.sy\/es\/index.php?rest_route=%2Fwp%2Fv2%2Fcategories&post=36975"},{"taxonomy":"post_tag","embeddable":true,"href":"https:\/\/archive.sana.sy\/es\/index.php?rest_route=%2Fwp%2Fv2%2Ftags&post=36975"}],"curies":[{"name":"wp","href":"https:\/\/api.w.org\/{rel}","templated":true}]}}