{"id":36977,"date":"2016-01-21T16:46:37","date_gmt":"2016-01-21T14:46:37","guid":{"rendered":"http:\/\/www.sana.sy\/es\/?p=36977"},"modified":"2016-01-21T16:46:37","modified_gmt":"2016-01-21T14:46:37","slug":"holanda-ve-una-amenaza-en-los-combatientes-que-regresan-a-europa","status":"publish","type":"post","link":"https:\/\/archive.sana.sy\/es\/?p=36977","title":{"rendered":"Holanda ve una amenaza en los combatientes que regresan a Europa"},"content":{"rendered":"<p><span style=\"color: #800000\">Helsinki, SANA<\/span><\/p>\n<p>El ministro de Exteriores de Holanda, Bert Koenders, declar\u00f3 que las personas que regresan a Europa de zonas de conflicto donde combatieron en filas de grupos terroristas representan una amenaza para la seguridad de la Uni\u00f3n Europea.<\/p>\n<p>En una sesi\u00f3n del Parlamento Europeo en Estrasburgo, Koenders dijo que el regreso de estas personas bien entrenadas crea un problema real para la seguridad&#8221;.<\/p>\n<p>El canciller holand\u00e9s agreg\u00f3 que m\u00e1s de 5.000 ciudadanos de la UE combaten en Irak y Siria en filas de las fuerzas antigubernamentales.<\/p>\n<p>Seg\u00fan Koenders, la lucha contra el terrorismo ser\u00e1 asunto clave en la pr\u00f3xima reuni\u00f3n en \u00c1msterdam de los ministros europeos del Interior y de Justicia.<\/p>\n<p>&nbsp;<\/p>\n<p>&nbsp;<\/p>\n<p>Fady M., Lynn A.<\/p>\n","protected":false},"excerpt":{"rendered":"<p>Helsinki, SANA El ministro de Exteriores de Holanda, Bert Koenders, declar\u00f3 que las personas que regresan a Europa de zonas de conflicto donde combatieron en filas de grupos terroristas representan una amenaza para la seguridad de la Uni\u00f3n Europea. En una sesi\u00f3n del Parlamento Europeo en Estrasburgo, Koenders dijo que el regreso de estas personas &hellip;<\/p>\n","protected":false},"author":24,"featured_media":33759,"comment_status":"closed","ping_status":"closed","sticky":false,"template":"","format":"standard","meta":{"footnotes":""},"categories":[456,457],"tags":[],"class_list":["post-36977","post","type-post","status-publish","format-standard","has-post-thumbnail","","category-arabe-internacional-politica","category-noticias-arabe-internacional-politica"],"_links":{"self":[{"href":"https:\/\/archive.sana.sy\/es\/index.php?rest_route=\/wp\/v2\/posts\/36977"}],"collection":[{"href":"https:\/\/archive.sana.sy\/es\/index.php?rest_route=\/wp\/v2\/posts"}],"about":[{"href":"https:\/\/archive.sana.sy\/es\/index.php?rest_route=\/wp\/v2\/types\/post"}],"author":[{"embeddable":true,"href":"https:\/\/archive.sana.sy\/es\/index.php?rest_route=\/wp\/v2\/users\/24"}],"replies":[{"embeddable":true,"href":"https:\/\/archive.sana.sy\/es\/index.php?rest_route=%2Fwp%2Fv2%2Fcomments&post=36977"}],"version-history":[{"count":0,"href":"https:\/\/archive.sana.sy\/es\/index.php?rest_route=\/wp\/v2\/posts\/36977\/revisions"}],"wp:featuredmedia":[{"embeddable":true,"href":"https:\/\/archive.sana.sy\/es\/index.php?rest_route=\/wp\/v2\/media\/33759"}],"wp:attachment":[{"href":"https:\/\/archive.sana.sy\/es\/index.php?rest_route=%2Fwp%2Fv2%2Fmedia&parent=36977"}],"wp:term":[{"taxonomy":"category","embeddable":true,"href":"https:\/\/archive.sana.sy\/es\/index.php?rest_route=%2Fwp%2Fv2%2Fcategories&post=36977"},{"taxonomy":"post_tag","embeddable":true,"href":"https:\/\/archive.sana.sy\/es\/index.php?rest_route=%2Fwp%2Fv2%2Ftags&post=36977"}],"curies":[{"name":"wp","href":"https:\/\/api.w.org\/{rel}","templated":true}]}}