{"id":36987,"date":"2016-01-21T18:34:00","date_gmt":"2016-01-21T16:34:00","guid":{"rendered":"http:\/\/www.sana.sy\/es\/?p=36987"},"modified":"2016-01-21T20:00:21","modified_gmt":"2016-01-21T18:00:21","slug":"onu-revela-probabilidad-de-aplazar-las-conversaciones-sirias-por-un-par-de-dias","status":"publish","type":"post","link":"https:\/\/archive.sana.sy\/es\/?p=36987","title":{"rendered":"ONU revela probabilidad de aplazar las conversaciones intersirias por un par de d\u00edas"},"content":{"rendered":"<p><span style=\"color: #800000\">Ginebra, SANA<\/span><\/p>\n<p>Las conversaciones intersirias previstas el pr\u00f3ximo lunes se postergar\u00edan por un par de d\u00edas por \u201crazonas pr\u00e1cticas\u201d, cit\u00f3 la agencia francesa AFP a Jessy Chahine, portavoz del enviado especial de la ONU para Siria, Staffan de Mistura.<\/p>\n<p>&#8220;Todav\u00eda estamos apuntando para esa fecha [el 25 de enero] y nosotros, en cualquier caso evaluaremos el progreso durante el fin de semana&#8221;, dijo Chahine.<\/p>\n<p>Cabe recordar que Staffan de Mistura anunci\u00f3 hoy al margen del Foro Econ\u00f3mico Mundial de Davos que el 25 de enero no es \u201cuna fecha sagrada\u201d para el inicio de las conversaciones sirias en Ginebra, reiterando que la ONU pretende celebrar el encuentro intersirio antes de que se cierre el mes en curso.<\/p>\n<p>Las declaraciones de Chahine contradicen las emitidas por el secretario de Estado de EEUU, John Kerry quien anunci\u00f3 al margen del Foro Econ\u00f3mico Internacional de Davos que las negociaciones sirias-sirias comenzar\u00e1n el 25 del mes en curso.<\/p>\n<p>&nbsp;<br \/>\nLynn A.<\/p>\n","protected":false},"excerpt":{"rendered":"<p>Ginebra, SANA Las conversaciones intersirias previstas el pr\u00f3ximo lunes se postergar\u00edan por un par de d\u00edas por \u201crazonas pr\u00e1cticas\u201d, cit\u00f3 la agencia francesa AFP a Jessy Chahine, portavoz del enviado especial de la ONU para Siria, Staffan de Mistura. &#8220;Todav\u00eda estamos apuntando para esa fecha [el 25 de enero] y nosotros, en cualquier caso evaluaremos &hellip;<\/p>\n","protected":false},"author":24,"featured_media":36988,"comment_status":"closed","ping_status":"closed","sticky":false,"template":"","format":"standard","meta":{"footnotes":""},"categories":[467,7541],"tags":[],"class_list":["post-36987","post","type-post","status-publish","format-standard","has-post-thumbnail","","category-siria-y-el-mundo","category-ultimas-noticias"],"_links":{"self":[{"href":"https:\/\/archive.sana.sy\/es\/index.php?rest_route=\/wp\/v2\/posts\/36987"}],"collection":[{"href":"https:\/\/archive.sana.sy\/es\/index.php?rest_route=\/wp\/v2\/posts"}],"about":[{"href":"https:\/\/archive.sana.sy\/es\/index.php?rest_route=\/wp\/v2\/types\/post"}],"author":[{"embeddable":true,"href":"https:\/\/archive.sana.sy\/es\/index.php?rest_route=\/wp\/v2\/users\/24"}],"replies":[{"embeddable":true,"href":"https:\/\/archive.sana.sy\/es\/index.php?rest_route=%2Fwp%2Fv2%2Fcomments&post=36987"}],"version-history":[{"count":0,"href":"https:\/\/archive.sana.sy\/es\/index.php?rest_route=\/wp\/v2\/posts\/36987\/revisions"}],"wp:featuredmedia":[{"embeddable":true,"href":"https:\/\/archive.sana.sy\/es\/index.php?rest_route=\/wp\/v2\/media\/36988"}],"wp:attachment":[{"href":"https:\/\/archive.sana.sy\/es\/index.php?rest_route=%2Fwp%2Fv2%2Fmedia&parent=36987"}],"wp:term":[{"taxonomy":"category","embeddable":true,"href":"https:\/\/archive.sana.sy\/es\/index.php?rest_route=%2Fwp%2Fv2%2Fcategories&post=36987"},{"taxonomy":"post_tag","embeddable":true,"href":"https:\/\/archive.sana.sy\/es\/index.php?rest_route=%2Fwp%2Fv2%2Ftags&post=36987"}],"curies":[{"name":"wp","href":"https:\/\/api.w.org\/{rel}","templated":true}]}}