{"id":37031,"date":"2016-01-22T14:53:45","date_gmt":"2016-01-22T12:53:45","guid":{"rendered":"http:\/\/www.sana.sy\/es\/?p=37031"},"modified":"2016-01-22T14:58:43","modified_gmt":"2016-01-22T12:58:43","slug":"lavrov-y-ki-moon-examinan-telefonicamente-los-preparativos-de-la-conferencia-de-ginebra-sobre-siria","status":"publish","type":"post","link":"https:\/\/archive.sana.sy\/es\/?p=37031","title":{"rendered":"Lavrov y \u00a0Ki-moon examinan telef\u00f3nicamente los preparativos de la pr\u00f3xima conferencia sobre Siria en Ginebra"},"content":{"rendered":"<p style=\"text-align: justify\"><span style=\"color: #800000\">Mosc\u00fa, SANA<\/span>&#8211; El Ministro de Relaciones Exteriores ruso, Sergei Lavrov, examin\u00f3 en una conversaci\u00f3n telef\u00f3nica con el secretario general de la ONU, Ban Ki-moon, los preparativos para la celebraci\u00f3n de las conversaciones sobre la crisis siria en Ginebra, y las mejores v\u00edas de aplicar la resoluci\u00f3n del Consejo de Seguridad de las Naciones Unidas relativa a la lucha contra la organizaci\u00f3n terrorista &#8220;Daesh&#8221;.<\/p>\n<p style=\"text-align: justify\">De acuerdo con el comunicado emitido por el Ministerio de Relaciones Exteriores ruso, &#8220;Ambas partes destacaron la necesidad de aplicar la resoluci\u00f3n del Consejo de Seguridad N-2253 sobre la lucha contra &#8220;Daesh&#8221; y los preparativos para el inicio de las negociaciones entre el gobierno sirio y grupos de la oposici\u00f3n siria, as\u00ed como algunos aspectos de la situaci\u00f3n humanitaria en Siria.&#8221;<\/p>\n<p style=\"text-align: justify\">Las dos partes tambi\u00e9n discutieron la soluci\u00f3n de la crisis en Ucrania, exigiendo la necesidad de tomar todas las medidas de la comunidad internacional en conformidad con la resoluci\u00f3n del Consejo de Seguridad de N-2202 adoptada el pasado 12 de febrero.<\/p>\n<p>M.Miri<\/p>\n","protected":false},"excerpt":{"rendered":"<p>Mosc\u00fa, SANA&#8211; El Ministro de Relaciones Exteriores ruso, Sergei Lavrov, examin\u00f3 en una conversaci\u00f3n telef\u00f3nica con el secretario general de la ONU, Ban Ki-moon, los preparativos para la celebraci\u00f3n de las conversaciones sobre la crisis siria en Ginebra, y las mejores v\u00edas de aplicar la resoluci\u00f3n del Consejo de Seguridad de las Naciones Unidas relativa &hellip;<\/p>\n","protected":false},"author":1,"featured_media":37032,"comment_status":"closed","ping_status":"closed","sticky":false,"template":"","format":"standard","meta":{"footnotes":""},"categories":[467,7541],"tags":[7836,7837],"class_list":["post-37031","post","type-post","status-publish","format-standard","has-post-thumbnail","","category-siria-y-el-mundo","category-ultimas-noticias","tag-lavrov-y-ki-moon-examinan-telefonicamente-los-preparativos-de-la-conferencia-de-ginebra-sobre-siria","tag-lavrov-y-ki-moon-examinan-telefonicamente-los-preparativos-de-la-proxima-conferencia-sobre-siria-en-ginebra"],"_links":{"self":[{"href":"https:\/\/archive.sana.sy\/es\/index.php?rest_route=\/wp\/v2\/posts\/37031"}],"collection":[{"href":"https:\/\/archive.sana.sy\/es\/index.php?rest_route=\/wp\/v2\/posts"}],"about":[{"href":"https:\/\/archive.sana.sy\/es\/index.php?rest_route=\/wp\/v2\/types\/post"}],"author":[{"embeddable":true,"href":"https:\/\/archive.sana.sy\/es\/index.php?rest_route=\/wp\/v2\/users\/1"}],"replies":[{"embeddable":true,"href":"https:\/\/archive.sana.sy\/es\/index.php?rest_route=%2Fwp%2Fv2%2Fcomments&post=37031"}],"version-history":[{"count":0,"href":"https:\/\/archive.sana.sy\/es\/index.php?rest_route=\/wp\/v2\/posts\/37031\/revisions"}],"wp:featuredmedia":[{"embeddable":true,"href":"https:\/\/archive.sana.sy\/es\/index.php?rest_route=\/wp\/v2\/media\/37032"}],"wp:attachment":[{"href":"https:\/\/archive.sana.sy\/es\/index.php?rest_route=%2Fwp%2Fv2%2Fmedia&parent=37031"}],"wp:term":[{"taxonomy":"category","embeddable":true,"href":"https:\/\/archive.sana.sy\/es\/index.php?rest_route=%2Fwp%2Fv2%2Fcategories&post=37031"},{"taxonomy":"post_tag","embeddable":true,"href":"https:\/\/archive.sana.sy\/es\/index.php?rest_route=%2Fwp%2Fv2%2Ftags&post=37031"}],"curies":[{"name":"wp","href":"https:\/\/api.w.org\/{rel}","templated":true}]}}