{"id":37038,"date":"2016-01-22T15:16:53","date_gmt":"2016-01-22T13:16:53","guid":{"rendered":"http:\/\/www.sana.sy\/es\/?p=37038"},"modified":"2016-01-22T15:16:53","modified_gmt":"2016-01-22T13:16:53","slug":"estado-islamico-reivindica-el-atentado-en-giza","status":"publish","type":"post","link":"https:\/\/archive.sana.sy\/es\/?p=37038","title":{"rendered":"Estado Isl\u00e1mico reivindica el atentado en Giza"},"content":{"rendered":"<p style=\"text-align: justify\"><span style=\"color: #800000\">El Cairo, SANA<\/span>&#8211; La organizaci\u00f3n terrorista \u201cDaesh\u201d ha reivindicado este viernes la autor\u00eda del atentado con bomba de este jueves en Giza, en las afueras de El Cairo, en el que murieron 10 personas, entre ellos siete agentes de polic\u00eda.<\/p>\n<p style=\"text-align: justify\">En un comunicado difundido a trav\u00e9s de las redes sociales, Estado Isl\u00e1mico ha se\u00f1alado que sus integrantes llevaron a cabo la operaci\u00f3n en la que murieron siete polic\u00edas y otras tres personas durante una redada en un apartamento con bombas trampa cerca de las famosas pir\u00e1mides.<\/p>\n<p style=\"text-align: justify\">Los milicianos islamistas han intensificado \u00faltimamente los ataques contra los soldados y polic\u00edas egipcios .<\/p>\n<p>M.Miri<\/p>\n","protected":false},"excerpt":{"rendered":"<p>El Cairo, SANA&#8211; La organizaci\u00f3n terrorista \u201cDaesh\u201d ha reivindicado este viernes la autor\u00eda del atentado con bomba de este jueves en Giza, en las afueras de El Cairo, en el que murieron 10 personas, entre ellos siete agentes de polic\u00eda. En un comunicado difundido a trav\u00e9s de las redes sociales, Estado Isl\u00e1mico ha se\u00f1alado que &hellip;<\/p>\n","protected":false},"author":1,"featured_media":37039,"comment_status":"closed","ping_status":"closed","sticky":false,"template":"","format":"standard","meta":{"footnotes":""},"categories":[456,457],"tags":[7838],"class_list":["post-37038","post","type-post","status-publish","format-standard","has-post-thumbnail","","category-arabe-internacional-politica","category-noticias-arabe-internacional-politica","tag-estado-islamico-reivindica-el-atentado-en-giza"],"_links":{"self":[{"href":"https:\/\/archive.sana.sy\/es\/index.php?rest_route=\/wp\/v2\/posts\/37038"}],"collection":[{"href":"https:\/\/archive.sana.sy\/es\/index.php?rest_route=\/wp\/v2\/posts"}],"about":[{"href":"https:\/\/archive.sana.sy\/es\/index.php?rest_route=\/wp\/v2\/types\/post"}],"author":[{"embeddable":true,"href":"https:\/\/archive.sana.sy\/es\/index.php?rest_route=\/wp\/v2\/users\/1"}],"replies":[{"embeddable":true,"href":"https:\/\/archive.sana.sy\/es\/index.php?rest_route=%2Fwp%2Fv2%2Fcomments&post=37038"}],"version-history":[{"count":0,"href":"https:\/\/archive.sana.sy\/es\/index.php?rest_route=\/wp\/v2\/posts\/37038\/revisions"}],"wp:featuredmedia":[{"embeddable":true,"href":"https:\/\/archive.sana.sy\/es\/index.php?rest_route=\/wp\/v2\/media\/37039"}],"wp:attachment":[{"href":"https:\/\/archive.sana.sy\/es\/index.php?rest_route=%2Fwp%2Fv2%2Fmedia&parent=37038"}],"wp:term":[{"taxonomy":"category","embeddable":true,"href":"https:\/\/archive.sana.sy\/es\/index.php?rest_route=%2Fwp%2Fv2%2Fcategories&post=37038"},{"taxonomy":"post_tag","embeddable":true,"href":"https:\/\/archive.sana.sy\/es\/index.php?rest_route=%2Fwp%2Fv2%2Ftags&post=37038"}],"curies":[{"name":"wp","href":"https:\/\/api.w.org\/{rel}","templated":true}]}}