{"id":37046,"date":"2016-01-22T17:23:33","date_gmt":"2016-01-22T15:23:33","guid":{"rendered":"http:\/\/www.sana.sy\/es\/?p=37046"},"modified":"2016-01-22T17:23:33","modified_gmt":"2016-01-22T15:23:33","slug":"rusia-y-francia-examinan-temas-relacionados-con-la-lucha-contra-el-terrorismo-segun-la-cancilleria-rusa","status":"publish","type":"post","link":"https:\/\/archive.sana.sy\/es\/?p=37046","title":{"rendered":"Rusia y Francia examinan temas relacionados con la lucha contra el terrorismo, seg\u00fan La Canciller\u00eda rusa"},"content":{"rendered":"<p style=\"text-align: justify\"><span style=\"color: #800000\">Mosc\u00fa, SANA<\/span>&#8211; El Ministerio de Relaciones Exteriores ruso anunci\u00f3 que el vicecanciller ruso, Oleg cipr\u00e9s Molotov, discuti\u00f3 con el coordinador de los servicios inteligencia del presidente franc\u00e9s Didier Le Barre, una aserie de temas relacionados con la lucha contra la organizaci\u00f3n terrorista \u201cDaesh\u201d.<\/p>\n<p style=\"text-align: justify\">&#8220;las dos partes debatieron los mejores aspectos de cooperaci\u00f3n ruso-francesa en la lucha contra el terrorismo sobre una base bilateral y en el marco de organizaciones internacionales,&#8221; inform\u00f3 el canal televisivo Rusia Hoy.<\/p>\n<p style=\"text-align: justify\">La Canciller\u00eda rusa se\u00f1al\u00f3 que ambas partes examinaron detalladamente las posiciones de Rusia y Francia para hacer frente a la amenaza planteada por la organizaci\u00f3n &#8220;Daash\u201d, y apoyar los esfuerzos para lograr una soluci\u00f3n a la crisis en Siria.<\/p>\n<p style=\"text-align: justify\">La oficina de prensa del Kremlin anunci\u00f3 el pasado noviembre que el presidente ruso, Vladimir Putin, y su hom\u00f3logo franc\u00e9s, Fran\u00e7ois Hollande, acordaron la coordinaci\u00f3n militar y de inteligencia en el contexto de las operaciones militares llevadas a cabo por Rusia y Francia contra los grupos terroristas en Siria.<\/p>\n<p>M.Miri<\/p>\n","protected":false},"excerpt":{"rendered":"<p>Mosc\u00fa, SANA&#8211; El Ministerio de Relaciones Exteriores ruso anunci\u00f3 que el vicecanciller ruso, Oleg cipr\u00e9s Molotov, discuti\u00f3 con el coordinador de los servicios inteligencia del presidente franc\u00e9s Didier Le Barre, una aserie de temas relacionados con la lucha contra la organizaci\u00f3n terrorista \u201cDaesh\u201d. &#8220;las dos partes debatieron los mejores aspectos de cooperaci\u00f3n ruso-francesa en la &hellip;<\/p>\n","protected":false},"author":1,"featured_media":37047,"comment_status":"closed","ping_status":"closed","sticky":false,"template":"","format":"standard","meta":{"footnotes":""},"categories":[456,457,7541],"tags":[7840,7841],"class_list":["post-37046","post","type-post","status-publish","format-standard","has-post-thumbnail","","category-arabe-internacional-politica","category-noticias-arabe-internacional-politica","category-ultimas-noticias","tag-rusia-y-francia-examinan-temas-relacionados-con-la-lucha-contra-el-terrorismo","tag-segun-la-cancilleria-rusa"],"_links":{"self":[{"href":"https:\/\/archive.sana.sy\/es\/index.php?rest_route=\/wp\/v2\/posts\/37046"}],"collection":[{"href":"https:\/\/archive.sana.sy\/es\/index.php?rest_route=\/wp\/v2\/posts"}],"about":[{"href":"https:\/\/archive.sana.sy\/es\/index.php?rest_route=\/wp\/v2\/types\/post"}],"author":[{"embeddable":true,"href":"https:\/\/archive.sana.sy\/es\/index.php?rest_route=\/wp\/v2\/users\/1"}],"replies":[{"embeddable":true,"href":"https:\/\/archive.sana.sy\/es\/index.php?rest_route=%2Fwp%2Fv2%2Fcomments&post=37046"}],"version-history":[{"count":0,"href":"https:\/\/archive.sana.sy\/es\/index.php?rest_route=\/wp\/v2\/posts\/37046\/revisions"}],"wp:featuredmedia":[{"embeddable":true,"href":"https:\/\/archive.sana.sy\/es\/index.php?rest_route=\/wp\/v2\/media\/37047"}],"wp:attachment":[{"href":"https:\/\/archive.sana.sy\/es\/index.php?rest_route=%2Fwp%2Fv2%2Fmedia&parent=37046"}],"wp:term":[{"taxonomy":"category","embeddable":true,"href":"https:\/\/archive.sana.sy\/es\/index.php?rest_route=%2Fwp%2Fv2%2Fcategories&post=37046"},{"taxonomy":"post_tag","embeddable":true,"href":"https:\/\/archive.sana.sy\/es\/index.php?rest_route=%2Fwp%2Fv2%2Ftags&post=37046"}],"curies":[{"name":"wp","href":"https:\/\/api.w.org\/{rel}","templated":true}]}}