{"id":37049,"date":"2016-01-22T18:01:54","date_gmt":"2016-01-22T16:01:54","guid":{"rendered":"http:\/\/www.sana.sy\/es\/?p=37049"},"modified":"2016-01-22T18:12:20","modified_gmt":"2016-01-22T16:12:20","slug":"gatilov-las-conversaciones-intersirias-podrian-celebrarse-los-dias-2728-de-este-mes","status":"publish","type":"post","link":"https:\/\/archive.sana.sy\/es\/?p=37049","title":{"rendered":"Gatilov: Las conversaciones intersirias podr\u00edan celebrarse los d\u00edas 27\/28 de este mes."},"content":{"rendered":"<p style=\"text-align: justify\"><span style=\"color: #800000\">Mosc\u00fa, SANA<\/span>&#8211; El vicecanciller ruso, Gennady Gatilov, anunci\u00f3 el vienes que la negociaciones intersirias podr\u00edan celebrarse los d\u00edas 27\/28 del mes en curso y no el d\u00eda 25 como era previsto.<\/p>\n<p style=\"text-align: justify\">\u201cEl Enviado Especial de la ONU est\u00e1 estudiando la posibilidad de empezar con las negociaciones los d\u00edas 27\/28 de este mes, y no el d\u00eda 25 como era previsto antes, pero la decisi\u00f3n final sobre este tema a\u00fan no se ha tomado\u201d dijo Gatilov.<\/p>\n<p style=\"text-align: justify\">El vicecanciller ruso, citando a de Mistura, el aplazamiento del inicio de las conversaciones intersirias por\u00a0ausencia de la formaci\u00f3n de la delegaci\u00f3n opositora.<\/p>\n<p style=\"text-align: justify\">Cabe se\u00f1alar que, la pr\u00f3xima conferencia de Ginebra se celebra en virtud de la resoluci\u00f3n N-2254 adoptada por unanimidad en el Consejo de Seguridad, el pasado 18 de noviembre, con el fin de encontrar un arreglo pol\u00edtico a la crisis siria.<\/p>\n<p style=\"text-align: justify\">M.Miri<\/p>\n","protected":false},"excerpt":{"rendered":"<p>Mosc\u00fa, SANA&#8211; El vicecanciller ruso, Gennady Gatilov, anunci\u00f3 el vienes que la negociaciones intersirias podr\u00edan celebrarse los d\u00edas 27\/28 del mes en curso y no el d\u00eda 25 como era previsto. \u201cEl Enviado Especial de la ONU est\u00e1 estudiando la posibilidad de empezar con las negociaciones los d\u00edas 27\/28 de este mes, y no el &hellip;<\/p>\n","protected":false},"author":1,"featured_media":37050,"comment_status":"closed","ping_status":"closed","sticky":false,"template":"","format":"standard","meta":{"footnotes":""},"categories":[467,7541],"tags":[7842],"class_list":["post-37049","post","type-post","status-publish","format-standard","has-post-thumbnail","","category-siria-y-el-mundo","category-ultimas-noticias","tag-gatilov-las-conversaciones-intersirias-podrian-celebrarse-los-dias-2728-de-este-mes"],"_links":{"self":[{"href":"https:\/\/archive.sana.sy\/es\/index.php?rest_route=\/wp\/v2\/posts\/37049"}],"collection":[{"href":"https:\/\/archive.sana.sy\/es\/index.php?rest_route=\/wp\/v2\/posts"}],"about":[{"href":"https:\/\/archive.sana.sy\/es\/index.php?rest_route=\/wp\/v2\/types\/post"}],"author":[{"embeddable":true,"href":"https:\/\/archive.sana.sy\/es\/index.php?rest_route=\/wp\/v2\/users\/1"}],"replies":[{"embeddable":true,"href":"https:\/\/archive.sana.sy\/es\/index.php?rest_route=%2Fwp%2Fv2%2Fcomments&post=37049"}],"version-history":[{"count":0,"href":"https:\/\/archive.sana.sy\/es\/index.php?rest_route=\/wp\/v2\/posts\/37049\/revisions"}],"wp:featuredmedia":[{"embeddable":true,"href":"https:\/\/archive.sana.sy\/es\/index.php?rest_route=\/wp\/v2\/media\/37050"}],"wp:attachment":[{"href":"https:\/\/archive.sana.sy\/es\/index.php?rest_route=%2Fwp%2Fv2%2Fmedia&parent=37049"}],"wp:term":[{"taxonomy":"category","embeddable":true,"href":"https:\/\/archive.sana.sy\/es\/index.php?rest_route=%2Fwp%2Fv2%2Fcategories&post=37049"},{"taxonomy":"post_tag","embeddable":true,"href":"https:\/\/archive.sana.sy\/es\/index.php?rest_route=%2Fwp%2Fv2%2Ftags&post=37049"}],"curies":[{"name":"wp","href":"https:\/\/api.w.org\/{rel}","templated":true}]}}